{"id":4887,"date":"2021-09-07T14:27:17","date_gmt":"2021-09-07T17:27:17","guid":{"rendered":"https:\/\/blogs.correiobraziliense.com.br\/capital-sa\/?p=4887"},"modified":"2021-09-07T19:12:14","modified_gmt":"2021-09-07T22:12:14","slug":"outra-manifestacao-esta-prevista-para-amanha-esplanada-permanecera-fechada","status":"publish","type":"post","link":"https:\/\/blogs.correiobraziliense.com.br\/capital-sa\/2021\/09\/07\/outra-manifestacao-esta-prevista-para-amanha-esplanada-permanecera-fechada\/","title":{"rendered":"Outra manifesta\u00e7\u00e3o est\u00e1 prevista para amanh\u00e3. Esplanada permanecer\u00e1 fechada"},"content":{"rendered":"<p class=\"p1\"><b>Por Samanta Sallum\/\u00a0Imagem Ed Alves\u00a0<\/b><\/p>\n<p class=\"p1\"><span class=\"s1\">Mais manifesta\u00e7\u00f5es pr\u00f3-Bolsonaro est\u00e3o programadas para amanh\u00e3 na Esplanada dos Minist\u00e9rios. A Pol\u00edcia Militar do DF informou que, por isso, o tr\u00e2nsito permanecer\u00e1 bloqueado na \u00e1rea. A orienta\u00e7\u00e3o, para quem for de carro ao trabalho amanh\u00e3, \u00e9 acessar as vias S2 e N2. <\/span><\/p>\n<p class=\"p1\"><span class=\"s1\">Os eixos rodovi\u00e1rios Sul e Norte, diferentemente de hoje, por ser feriado, estar\u00e3o liberados. A PM ainda avalia o hor\u00e1rio que ser\u00e1 poss\u00edvel liberar o tr\u00e2nsito na Esplanada. A inten\u00e7\u00e3o \u00e9 que amanh\u00e3, at\u00e9 o final da tarde, para o retorno das pessoas do trabalho, as faixas estejam liberadas.<br \/>\n<\/span><\/p>\n<p class=\"p1\"><span class=\"s1\">A previs\u00e3o \u00e9 que a manifesta\u00e7\u00e3o de amanh\u00e3 re\u00fana cerca de 10 mil pessoas. N\u00fameros extraoficiais apontam que hoje havia pelo menos 400 mil na Esplanada. Cerca de 600 caminh\u00f5es participaram da mobiliza\u00e7\u00e3o.<\/span><\/p>\n<p class=\"p1\"><span class=\"s1\">Segundo a PM, a opera\u00e7\u00e3o de seguran\u00e7a hoje foi bem-sucedida. N\u00e3o h\u00e1 registro de les\u00e3o de manifestantes nem de policiais. Ocorreu apenas uma pris\u00e3o, de um homem que furtou 6 celulares.\u00a0<\/span><\/p>\n<p class=\"p1\"><span class=\"s1\">O \u00faltimo evento na Esplanada que reuniu tanta gente, segundo a PM, foi em 1994 na celebra\u00e7\u00e3o do tetracampeonato do Brasil na Copa do Mundo, que reuniu mais de 600 mil pessoas na regi\u00e3o.<\/span><\/p>\n","protected":false},"excerpt":{"rendered":"<p>Por Samanta Sallum\/\u00a0Imagem Ed Alves\u00a0 Mais manifesta\u00e7\u00f5es pr\u00f3-Bolsonaro est\u00e3o programadas para amanh\u00e3 na Esplanada dos Minist\u00e9rios. A Pol\u00edcia Militar do DF informou que, por isso, o tr\u00e2nsito permanecer\u00e1 bloqueado na \u00e1rea. A orienta\u00e7\u00e3o, para quem for de carro ao trabalho amanh\u00e3, \u00e9 acessar as vias S2 e N2. Os eixos rodovi\u00e1rios Sul e Norte, diferentemente de hoje, por ser feriado, [&hellip;]<\/p>\n","protected":false},"author":125,"featured_media":4892,"comment_status":"open","ping_status":"open","sticky":false,"template":"","format":"standard","meta":{"footnotes":""},"categories":[6],"tags":[571,570,42],"class_list":["post-4887","post","type-post","status-publish","format-standard","has-post-thumbnail","hentry","category-coluna-capital-s-a","tag-esplanadadosministerios","tag-manifestacao","tag-bolsonaro"],"_links":{"self":[{"href":"https:\/\/blogs.correiobraziliense.com.br\/capital-sa\/wp-json\/wp\/v2\/posts\/4887","targetHints":{"allow":["GET"]}}],"collection":[{"href":"https:\/\/blogs.correiobraziliense.com.br\/capital-sa\/wp-json\/wp\/v2\/posts"}],"about":[{"href":"https:\/\/blogs.correiobraziliense.com.br\/capital-sa\/wp-json\/wp\/v2\/types\/post"}],"author":[{"embeddable":true,"href":"https:\/\/blogs.correiobraziliense.com.br\/capital-sa\/wp-json\/wp\/v2\/users\/125"}],"replies":[{"embeddable":true,"href":"https:\/\/blogs.correiobraziliense.com.br\/capital-sa\/wp-json\/wp\/v2\/comments?post=4887"}],"version-history":[{"count":11,"href":"https:\/\/blogs.correiobraziliense.com.br\/capital-sa\/wp-json\/wp\/v2\/posts\/4887\/revisions"}],"predecessor-version":[{"id":4903,"href":"https:\/\/blogs.correiobraziliense.com.br\/capital-sa\/wp-json\/wp\/v2\/posts\/4887\/revisions\/4903"}],"wp:featuredmedia":[{"embeddable":true,"href":"https:\/\/blogs.correiobraziliense.com.br\/capital-sa\/wp-json\/wp\/v2\/media\/4892"}],"wp:attachment":[{"href":"https:\/\/blogs.correiobraziliense.com.br\/capital-sa\/wp-json\/wp\/v2\/media?parent=4887"}],"wp:term":[{"taxonomy":"category","embeddable":true,"href":"https:\/\/blogs.correiobraziliense.com.br\/capital-sa\/wp-json\/wp\/v2\/categories?post=4887"},{"taxonomy":"post_tag","embeddable":true,"href":"https:\/\/blogs.correiobraziliense.com.br\/capital-sa\/wp-json\/wp\/v2\/tags?post=4887"}],"curies":[{"name":"wp","href":"https:\/\/api.w.org\/{rel}","templated":true}]}}