{"id":4862,"date":"2021-09-06T10:35:34","date_gmt":"2021-09-06T13:35:34","guid":{"rendered":"https:\/\/blogs.correiobraziliense.com.br\/capital-sa\/?p=4862"},"modified":"2021-09-07T15:13:21","modified_gmt":"2021-09-07T18:13:21","slug":"hoteis-em-brasilia-estao-lotados-para-o-7-de-setembro","status":"publish","type":"post","link":"https:\/\/blogs.correiobraziliense.com.br\/capital-sa\/2021\/09\/06\/hoteis-em-brasilia-estao-lotados-para-o-7-de-setembro\/","title":{"rendered":"Hot\u00e9is em Bras\u00edlia est\u00e3o lotados para o 7 de Setembro"},"content":{"rendered":"<p class=\"p1\"><b>Por Samanta Sallum\/ Imagem Carlos Vieira\u00a0<\/b><\/p>\n<p class=\"p1\"><span class=\"s1\">As manifesta\u00e7\u00f5es previstas para amanh\u00e3 encheram a cidade de \u201cturistas\u201d como h\u00e1 muito tempo n\u00e3o se registrava, por causa da pandemia. Chegou a 97% a ocupa\u00e7\u00e3o nos hot\u00e9is na regi\u00e3o central de Bras\u00edlia. Pousadas e hostels tamb\u00e9m est\u00e3o praticamente lotados, num movimento at\u00edpico para um feriado no Distrito Federal, quando o fluxo de sa\u00edda \u00e9 muito maior que o de chegada.<span class=\"Apple-converted-space\"><br \/>\n<\/span><\/span><\/p>\n<p>Para esse feriado, essa elevada ocupa\u00e7\u00e3o \u00e9 in\u00e9dita no DF, \u00a0segundo \u00a0a Associa\u00e7\u00e3o Brasileira da Ind\u00fastria de Hot\u00e9is do Distrito Federal (Abih).<\/p>\n<p class=\"p1\"><span class=\"s1\">As caravanas bolsonaristas est\u00e3o pagando de R$ 65 a di\u00e1ria at\u00e9 R$ 1 mil por pacote de tr\u00eas dias em hot\u00e9is de luxo. Bares e restaurantes, j\u00e1 desde s\u00e1bado, come\u00e7aram a registrar aumento no movimento. E a expectativa para hoje \u00e9 superar muito o fluxo normal para uma segunda-feira.<\/span><\/p>\n<p>A previs\u00e3o de chegada de visitantes \u00e0 cidade pelo aeroporto de Bras\u00edlia \u00e9 de 112 mil pessoas para este feriado. Um movimento 43% maior que o registrado no \u00faltimo feriado emendado que foi Corpus Cristhi.<\/p>\n<p class=\"p1\"><span class=\"s1\">Os shoppings da regi\u00e3o pr\u00f3xima ao setor de hot\u00e9is tamb\u00e9m tiveram aumento de visitantes.<br \/>\n<\/span><\/p>\n<p><b>Com\u00e9rcio autorizado a abrir\u00a0<\/b><\/p>\n<p class=\"p1\"><span class=\"s1\">Um acordo coletivo entre os sindicatos patronal e de trabalhadores do com\u00e9rcio permitiu que amanh\u00e3 o com\u00e9rcio abra. Mas a autoriza\u00e7\u00e3o n\u00e3o \u00e9 uma obriga\u00e7\u00e3o para os lojistas de rua. A proje\u00e7\u00e3o \u00e9 que apenas a metade abra. J\u00e1 nos shoppings, a grande maioria das lojas estar\u00e1 aberta, seguindo os mesmos hor\u00e1rios dos domingos<\/span><\/p>\n<p class=\"p1\"><span class=\"s1\">Esperamos que o bom movimento no setor de turismo c\u00edvico na capital federal, neste 7 de Setembro, deixe realmente bons resultados para a economia local e para a democracia com manifesta\u00e7\u00f5es pac\u00edficas e de respeito \u00e0 cidadania. Caso contr\u00e1rio, o preju\u00edzo ser\u00e1 de todos.<\/span><\/p>\n<p>&nbsp;<\/p>\n","protected":false},"excerpt":{"rendered":"<p>Por Samanta Sallum\/ Imagem Carlos Vieira\u00a0 As manifesta\u00e7\u00f5es previstas para amanh\u00e3 encheram a cidade de \u201cturistas\u201d como h\u00e1 muito tempo n\u00e3o se registrava, por causa da pandemia. Chegou a 97% a ocupa\u00e7\u00e3o nos hot\u00e9is na regi\u00e3o central de Bras\u00edlia. Pousadas e hostels tamb\u00e9m est\u00e3o praticamente lotados, num movimento at\u00edpico para um feriado no Distrito Federal, quando o fluxo de sa\u00edda [&hellip;]<\/p>\n","protected":false},"author":125,"featured_media":4871,"comment_status":"open","ping_status":"open","sticky":false,"template":"","format":"standard","meta":{"footnotes":""},"categories":[6],"tags":[],"class_list":["post-4862","post","type-post","status-publish","format-standard","has-post-thumbnail","hentry","category-coluna-capital-s-a"],"_links":{"self":[{"href":"https:\/\/blogs.correiobraziliense.com.br\/capital-sa\/wp-json\/wp\/v2\/posts\/4862","targetHints":{"allow":["GET"]}}],"collection":[{"href":"https:\/\/blogs.correiobraziliense.com.br\/capital-sa\/wp-json\/wp\/v2\/posts"}],"about":[{"href":"https:\/\/blogs.correiobraziliense.com.br\/capital-sa\/wp-json\/wp\/v2\/types\/post"}],"author":[{"embeddable":true,"href":"https:\/\/blogs.correiobraziliense.com.br\/capital-sa\/wp-json\/wp\/v2\/users\/125"}],"replies":[{"embeddable":true,"href":"https:\/\/blogs.correiobraziliense.com.br\/capital-sa\/wp-json\/wp\/v2\/comments?post=4862"}],"version-history":[{"count":11,"href":"https:\/\/blogs.correiobraziliense.com.br\/capital-sa\/wp-json\/wp\/v2\/posts\/4862\/revisions"}],"predecessor-version":[{"id":4902,"href":"https:\/\/blogs.correiobraziliense.com.br\/capital-sa\/wp-json\/wp\/v2\/posts\/4862\/revisions\/4902"}],"wp:featuredmedia":[{"embeddable":true,"href":"https:\/\/blogs.correiobraziliense.com.br\/capital-sa\/wp-json\/wp\/v2\/media\/4871"}],"wp:attachment":[{"href":"https:\/\/blogs.correiobraziliense.com.br\/capital-sa\/wp-json\/wp\/v2\/media?parent=4862"}],"wp:term":[{"taxonomy":"category","embeddable":true,"href":"https:\/\/blogs.correiobraziliense.com.br\/capital-sa\/wp-json\/wp\/v2\/categories?post=4862"},{"taxonomy":"post_tag","embeddable":true,"href":"https:\/\/blogs.correiobraziliense.com.br\/capital-sa\/wp-json\/wp\/v2\/tags?post=4862"}],"curies":[{"name":"wp","href":"https:\/\/api.w.org\/{rel}","templated":true}]}}