{"id":4799,"date":"2021-09-02T14:49:44","date_gmt":"2021-09-02T17:49:44","guid":{"rendered":"https:\/\/blogs.correiobraziliense.com.br\/capital-sa\/?p=4799"},"modified":"2021-09-02T15:39:22","modified_gmt":"2021-09-02T18:39:22","slug":"iphan-da-parecer-contra-residencias-no-setor-comercial-sul","status":"publish","type":"post","link":"https:\/\/blogs.correiobraziliense.com.br\/capital-sa\/2021\/09\/02\/iphan-da-parecer-contra-residencias-no-setor-comercial-sul\/","title":{"rendered":"Iphan d\u00e1 parecer contra resid\u00eancias no Setor Comercial Sul"},"content":{"rendered":"<p>Por Samanta Sallum<\/p>\n<p class=\"p1\">O Iphan deu parecer contr\u00e1rio ao projeto Viva Centro, para revitalizar o Setor Comercial Sul. A principal proposta era tornar at\u00e9 30% da \u00e1rea em residencial. O projeto j\u00e1 tinha sido aprovado em audi\u00eancia p\u00fablica e estava pronto para ser encaminhado pelo GDF \u00e0 C\u00e2mara Legislativa.<\/p>\n<p class=\"p1\"><span class=\"s1\">Com a posi\u00e7\u00e3o contr\u00e1ria do Iphan, o Viva Centro fica paralisado no momento. As entidades que representam o com\u00e9rcio da regi\u00e3o e o governo local foram pegos de surpresa e com sentimento de indigna\u00e7\u00e3o. Segundo eles, o Iphan \u00a0j\u00e1 tinha sinalizado que aprovaria a ideia. Mas voltou atr\u00e1s.<\/span><\/p>\n<p>O \u00f3rg\u00e3o federal apontou que s\u00e3o necess\u00e1rios outros estudos t\u00e9cnicos com detalhamento mais aprofundado da proposta. O secret\u00e1rio de Desenvolvimento Urbano e Habita\u00e7\u00e3o do DF, Mateus de Oliveira, lamentou a decis\u00e3o do Iphan. Explicou que o GDF n\u00e3o vai desistir do projeto, mas que o processo ficar\u00e1 bem mais lento.<\/p>\n<p>\u201cRealizarei os estudos pedidos pelo Iphan. Isso j\u00e1 fazia parte do nosso plano de trabalho. Mas numa segunda fase. Agora, ser\u00e1 preciso muito mais tempo. O Viva Centro \u00e9 necess\u00e1rio para reverter o processo de degrada\u00e7\u00e3o da \u00e1rea\u201d, disse Mateus \u00e0 coluna.<\/p>\n<p>Segundo o secret\u00e1rio, a prioridade agora vai ser o PPCUB,\u00a0<strong><span id=\"at\">Plano de Preserva\u00e7\u00e3o do Conjunto Urban\u00edstico de Bras\u00edlia<\/span><\/strong><span id=\"at\">.<\/span><strong><span id=\"at\"><br \/>\n<\/span><\/strong>\u201cA previs\u00e3o \u00e9 enviarmos \u00e0 C\u00e2mara at\u00e9 dezembro\u201d, apontou.<\/p>\n<p>O Viva Centro \u00e9 apoiado por entidades representativas do com\u00e9rcio que, inclusive, t\u00eam sede no Setor Comercial Sul, como Fecom\u00e9rcio-DF, Sindivarejista e Associa\u00e7\u00e3o Comercial.<\/p>\n<p>\u201cA habita\u00e7\u00e3o \u00e9 necess\u00e1ria l\u00e1 para dar vida \u00e0 regi\u00e3o, durante \u00e0 noite e tamb\u00e9m nos finais de semana. Introduzir um percentual de moradias \u00a0n\u00e3o descaracterizaria o perfil do setor, que continuar\u00e1 sendo preponderantemente comercial\u201c, argumenta o secret\u00e1rio de Habita\u00e7\u00e3o.<\/p>\n<p>&nbsp;<\/p>\n<p>&nbsp;<\/p>\n<p>&nbsp;<\/p>\n<p>&nbsp;<\/p>\n","protected":false},"excerpt":{"rendered":"<p>Por Samanta Sallum O Iphan deu parecer contr\u00e1rio ao projeto Viva Centro, para revitalizar o Setor Comercial Sul. A principal proposta era tornar at\u00e9 30% da \u00e1rea em residencial. O projeto j\u00e1 tinha sido aprovado em audi\u00eancia p\u00fablica e estava pronto para ser encaminhado pelo GDF \u00e0 C\u00e2mara Legislativa. Com a posi\u00e7\u00e3o contr\u00e1ria do Iphan, o Viva Centro fica paralisado [&hellip;]<\/p>\n","protected":false},"author":125,"featured_media":4808,"comment_status":"open","ping_status":"open","sticky":false,"template":"","format":"standard","meta":{"footnotes":""},"categories":[6],"tags":[566,568,265,569,565,567],"class_list":["post-4799","post","type-post","status-publish","format-standard","has-post-thumbnail","hentry","category-coluna-capital-s-a","tag-iphan","tag-ppcub","tag-projeto","tag-residencias","tag-setorcomercialsul","tag-vivacentro"],"_links":{"self":[{"href":"https:\/\/blogs.correiobraziliense.com.br\/capital-sa\/wp-json\/wp\/v2\/posts\/4799","targetHints":{"allow":["GET"]}}],"collection":[{"href":"https:\/\/blogs.correiobraziliense.com.br\/capital-sa\/wp-json\/wp\/v2\/posts"}],"about":[{"href":"https:\/\/blogs.correiobraziliense.com.br\/capital-sa\/wp-json\/wp\/v2\/types\/post"}],"author":[{"embeddable":true,"href":"https:\/\/blogs.correiobraziliense.com.br\/capital-sa\/wp-json\/wp\/v2\/users\/125"}],"replies":[{"embeddable":true,"href":"https:\/\/blogs.correiobraziliense.com.br\/capital-sa\/wp-json\/wp\/v2\/comments?post=4799"}],"version-history":[{"count":11,"href":"https:\/\/blogs.correiobraziliense.com.br\/capital-sa\/wp-json\/wp\/v2\/posts\/4799\/revisions"}],"predecessor-version":[{"id":4811,"href":"https:\/\/blogs.correiobraziliense.com.br\/capital-sa\/wp-json\/wp\/v2\/posts\/4799\/revisions\/4811"}],"wp:featuredmedia":[{"embeddable":true,"href":"https:\/\/blogs.correiobraziliense.com.br\/capital-sa\/wp-json\/wp\/v2\/media\/4808"}],"wp:attachment":[{"href":"https:\/\/blogs.correiobraziliense.com.br\/capital-sa\/wp-json\/wp\/v2\/media?parent=4799"}],"wp:term":[{"taxonomy":"category","embeddable":true,"href":"https:\/\/blogs.correiobraziliense.com.br\/capital-sa\/wp-json\/wp\/v2\/categories?post=4799"},{"taxonomy":"post_tag","embeddable":true,"href":"https:\/\/blogs.correiobraziliense.com.br\/capital-sa\/wp-json\/wp\/v2\/tags?post=4799"}],"curies":[{"name":"wp","href":"https:\/\/api.w.org\/{rel}","templated":true}]}}