{"id":4795,"date":"2021-09-02T09:56:52","date_gmt":"2021-09-02T12:56:52","guid":{"rendered":"https:\/\/blogs.correiobraziliense.com.br\/capital-sa\/?p=4795"},"modified":"2021-09-02T09:56:52","modified_gmt":"2021-09-02T12:56:52","slug":"comercio-vai-abrir-no-dia-da-independencia","status":"publish","type":"post","link":"https:\/\/blogs.correiobraziliense.com.br\/capital-sa\/2021\/09\/02\/comercio-vai-abrir-no-dia-da-independencia\/","title":{"rendered":"Com\u00e9rcio vai abrir no Dia da Independ\u00eancia"},"content":{"rendered":"<p>Por Samanta Sallum<\/p>\n<p>No feriado de <a href=\"\/\/1\">7 de setembro<\/a>, <a href=\"\/\/2\">na pr\u00f3xima ter\u00e7a-feira<\/a>, lojas de rua e de shoppings funcionar\u00e3o normalmente no Distrito Federal. A informa\u00e7\u00e3o \u00e9 do Sindicato do Com\u00e9rcio Varejista (Sindivarejista).<\/p>\n<p>A medida visa estimular o consumo e reativar a economia, &#8220;que d\u00e1 sinais de recupera\u00e7\u00e3o gra\u00e7as ao avan\u00e7o da vacina\u00e7\u00e3o&#8221;, disse o presidente do Sindivarejista, Edson de Castro.<\/p>\n<p>Ele destaca que em agosto de 2020 havia 540 lojas fechadas na Asa Sul, por causa dos efeitos negativos da pandemia. Agora, esse n\u00famero caiu para 433.<\/p>\n<p>&nbsp;<\/p>\n","protected":false},"excerpt":{"rendered":"<p>Por Samanta Sallum No feriado de 7 de setembro, na pr\u00f3xima ter\u00e7a-feira, lojas de rua e de shoppings funcionar\u00e3o normalmente no Distrito Federal. A informa\u00e7\u00e3o \u00e9 do Sindicato do Com\u00e9rcio Varejista (Sindivarejista). A medida visa estimular o consumo e reativar a economia, &#8220;que d\u00e1 sinais de recupera\u00e7\u00e3o gra\u00e7as ao avan\u00e7o da vacina\u00e7\u00e3o&#8221;, disse o presidente do Sindivarejista, Edson de Castro. [&hellip;]<\/p>\n","protected":false},"author":125,"featured_media":0,"comment_status":"open","ping_status":"open","sticky":false,"template":"","format":"standard","meta":{"footnotes":""},"categories":[6],"tags":[],"class_list":["post-4795","post","type-post","status-publish","format-standard","hentry","category-coluna-capital-s-a"],"_links":{"self":[{"href":"https:\/\/blogs.correiobraziliense.com.br\/capital-sa\/wp-json\/wp\/v2\/posts\/4795","targetHints":{"allow":["GET"]}}],"collection":[{"href":"https:\/\/blogs.correiobraziliense.com.br\/capital-sa\/wp-json\/wp\/v2\/posts"}],"about":[{"href":"https:\/\/blogs.correiobraziliense.com.br\/capital-sa\/wp-json\/wp\/v2\/types\/post"}],"author":[{"embeddable":true,"href":"https:\/\/blogs.correiobraziliense.com.br\/capital-sa\/wp-json\/wp\/v2\/users\/125"}],"replies":[{"embeddable":true,"href":"https:\/\/blogs.correiobraziliense.com.br\/capital-sa\/wp-json\/wp\/v2\/comments?post=4795"}],"version-history":[{"count":2,"href":"https:\/\/blogs.correiobraziliense.com.br\/capital-sa\/wp-json\/wp\/v2\/posts\/4795\/revisions"}],"predecessor-version":[{"id":4797,"href":"https:\/\/blogs.correiobraziliense.com.br\/capital-sa\/wp-json\/wp\/v2\/posts\/4795\/revisions\/4797"}],"wp:attachment":[{"href":"https:\/\/blogs.correiobraziliense.com.br\/capital-sa\/wp-json\/wp\/v2\/media?parent=4795"}],"wp:term":[{"taxonomy":"category","embeddable":true,"href":"https:\/\/blogs.correiobraziliense.com.br\/capital-sa\/wp-json\/wp\/v2\/categories?post=4795"},{"taxonomy":"post_tag","embeddable":true,"href":"https:\/\/blogs.correiobraziliense.com.br\/capital-sa\/wp-json\/wp\/v2\/tags?post=4795"}],"curies":[{"name":"wp","href":"https:\/\/api.w.org\/{rel}","templated":true}]}}