{"id":478,"date":"2020-11-06T08:00:32","date_gmt":"2020-11-06T11:00:32","guid":{"rendered":"https:\/\/blogs.correiobraziliense.com.br\/capital-sa\/?p=478"},"modified":"2020-11-05T23:03:57","modified_gmt":"2020-11-06T02:03:57","slug":"um-sonho-com-cheirinho-de-cafe","status":"publish","type":"post","link":"https:\/\/blogs.correiobraziliense.com.br\/capital-sa\/2020\/11\/06\/um-sonho-com-cheirinho-de-cafe\/","title":{"rendered":"Um sonho com cheirinho de caf\u00e9\u00a0"},"content":{"rendered":"<p>A Acorde \u2013 Caf\u00e9s Especiais, em Sobradinho, nasceu da vontade de criar um ambiente aconchegante. O estudante de psicologia Marcondes Trindade sentia falta de um local que acolhesse e abrigasse pessoas; um caf\u00e9 onde poderiam frequentar para trabalhar e estudar.\u00a0No come\u00e7o do projeto, em 2018, ele se juntou \u00e0 esposa, Rachel Lamar, e a um amigo de inf\u00e2ncia para idealizar o caf\u00e9. \u201cN\u00e3o t\u00ednhamos dinheiro, nada mesmo. Corremos atr\u00e1s de empr\u00e9stimos com familiares, com bancos. Conseguimos, mas n\u00e3o muito. Ent\u00e3o, v\u00e1rias coisas n\u00f3s mesmos fizemos\u201d, conta o empres\u00e1rio, de 23 anos.<\/p>\n<p>&nbsp;<\/p>\n<figure id=\"attachment_480\" aria-describedby=\"caption-attachment-480\" style=\"width: 201px\" class=\"wp-caption aligncenter\"><img loading=\"lazy\" decoding=\"async\" class=\"size-medium wp-image-480\" src=\"https:\/\/blogs.correiobraziliense.com.br\/capital-sa\/wp-content\/uploads\/sites\/59\/2020\/11\/012d3b5c-5a39-489b-91ad-11f1a696a433-201x300.jpg\" alt=\"\" width=\"201\" height=\"300\" srcset=\"https:\/\/blogs.correiobraziliense.com.br\/capital-sa\/wp-content\/uploads\/sites\/59\/2020\/11\/012d3b5c-5a39-489b-91ad-11f1a696a433-201x300.jpg 201w, https:\/\/blogs.correiobraziliense.com.br\/capital-sa\/wp-content\/uploads\/sites\/59\/2020\/11\/012d3b5c-5a39-489b-91ad-11f1a696a433.jpg 686w, https:\/\/blogs.correiobraziliense.com.br\/capital-sa\/wp-content\/uploads\/sites\/59\/2020\/11\/012d3b5c-5a39-489b-91ad-11f1a696a433-550x821.jpg 550w, https:\/\/blogs.correiobraziliense.com.br\/capital-sa\/wp-content\/uploads\/sites\/59\/2020\/11\/012d3b5c-5a39-489b-91ad-11f1a696a433-230x343.jpg 230w\" sizes=\"auto, (max-width: 201px) 100vw, 201px\" \/><figcaption id=\"caption-attachment-480\" class=\"wp-caption-text\">Cr\u00e9dito: Sebrae DF<\/figcaption><\/figure>\n<p>Na \u00e9poca, n\u00e3o sabiam nem fazer o caf\u00e9 direito. Passaram por um treinamento com o pessoal que alugava as m\u00e1quinas de caf\u00e9. E se aventuraram no processo. Tamb\u00e9m\u00a0procuraram ajuda do Sebrae para se registrar como Microempreendedores Individuais (MEI). O\u00a0amigo de inf\u00e2ncia acabou saindo do projeto.<\/p>\n<p>\u201cSeguimos eu e a Rachel. Fomos entendendo mais o que quer\u00edamos fazer, buscando melhorar, e nos conectamos com outras cafeterias\u201d, conta Marcondes.<\/p>\n<p>&nbsp;<\/p>\n<p><strong>Financiamento coletivo<\/strong><\/p>\n<p>Em fevereiro deste ano, encontraram um novo espa\u00e7o, na Quadra 3 de Sobradinho, No entanto, com um m\u00eas de funcionamento, quando as vendas come\u00e7avam a crescer, veio a pandemia, e o local precisou ser fechado. Foi o momento em que o casal de empres\u00e1rios teve de se reinventar, investir no delivery e nas redes sociais para manter a cafeteria. Al\u00e9m disso, eles criaram uma campanha na plataforma de financiamento coletivo Apoia.se.<\/p>\n<p>&nbsp;<\/p>\n<figure id=\"attachment_481\" aria-describedby=\"caption-attachment-481\" style=\"width: 300px\" class=\"wp-caption aligncenter\"><img loading=\"lazy\" decoding=\"async\" class=\"size-medium wp-image-481\" src=\"https:\/\/blogs.correiobraziliense.com.br\/capital-sa\/wp-content\/uploads\/sites\/59\/2020\/11\/c47b50a2-cb5b-4c7a-b11a-47a368261a59-300x199.jpg\" alt=\"\" width=\"300\" height=\"199\" srcset=\"https:\/\/blogs.correiobraziliense.com.br\/capital-sa\/wp-content\/uploads\/sites\/59\/2020\/11\/c47b50a2-cb5b-4c7a-b11a-47a368261a59-300x199.jpg 300w, https:\/\/blogs.correiobraziliense.com.br\/capital-sa\/wp-content\/uploads\/sites\/59\/2020\/11\/c47b50a2-cb5b-4c7a-b11a-47a368261a59-768x510.jpg 768w, https:\/\/blogs.correiobraziliense.com.br\/capital-sa\/wp-content\/uploads\/sites\/59\/2020\/11\/c47b50a2-cb5b-4c7a-b11a-47a368261a59.jpg 1024w, https:\/\/blogs.correiobraziliense.com.br\/capital-sa\/wp-content\/uploads\/sites\/59\/2020\/11\/c47b50a2-cb5b-4c7a-b11a-47a368261a59-800x531.jpg 800w, https:\/\/blogs.correiobraziliense.com.br\/capital-sa\/wp-content\/uploads\/sites\/59\/2020\/11\/c47b50a2-cb5b-4c7a-b11a-47a368261a59-550x365.jpg 550w, https:\/\/blogs.correiobraziliense.com.br\/capital-sa\/wp-content\/uploads\/sites\/59\/2020\/11\/c47b50a2-cb5b-4c7a-b11a-47a368261a59-230x153.jpg 230w\" sizes=\"auto, (max-width: 300px) 100vw, 300px\" \/><figcaption id=\"caption-attachment-481\" class=\"wp-caption-text\">Cr\u00e9dito: Sebrae DF<\/figcaption><\/figure>\n<blockquote><p>\u00a0\u201cAjudou muito. Temos um v\u00ednculo muito forte com o cliente, de amizade, de carinho. Tamb\u00e9m participamos do cat\u00e1logo de \u2018Caf\u00e9s e Bebidas Especiais\u2019 do Sebrae, que nos incentivou muito com a divulga\u00e7\u00e3o do nosso delivery\u201d, lembra.<\/p><\/blockquote>\n<p><strong>A\u00e7\u00e3o social\u00a0<\/strong><\/p>\n<p>Atualmente, a Acorde Caf\u00e9 j\u00e1 voltou a receber clientes, seguindo todos os protocolos de seguran\u00e7a para preven\u00e7\u00e3o ao coronav\u00edrus. Marcondes e Rachel tra\u00e7am v\u00e1rios planos para o neg\u00f3cio em 2021. \u201cA meta principal \u00e9 come\u00e7ar a torrar nosso pr\u00f3prio caf\u00e9, distribuindo-o para outros cafeterias. Queremos virar refer\u00eancia nesse meio, ent\u00e3o temos o projeto de treinar pessoas, form\u00e1-las como baristas; oferecer vagas gr\u00e1tis para aquelas em situa\u00e7\u00e3o de vulnerabilidade social. Muitas ideias para o ano que vem\u201d, diz o jovem empres\u00e1rio.<\/p>\n","protected":false},"excerpt":{"rendered":"<p>A Acorde \u2013 Caf\u00e9s Especiais, em Sobradinho, nasceu da vontade de criar um ambiente aconchegante. O estudante de psicologia Marcondes Trindade sentia falta de um local que acolhesse e abrigasse pessoas; um caf\u00e9 onde poderiam frequentar para trabalhar e estudar.\u00a0No come\u00e7o do projeto, em 2018, ele se juntou \u00e0 esposa, Rachel Lamar, e a um amigo de inf\u00e2ncia para idealizar [&hellip;]<\/p>\n","protected":false},"author":125,"featured_media":479,"comment_status":"open","ping_status":"open","sticky":false,"template":"","format":"standard","meta":{"footnotes":""},"categories":[6],"tags":[],"class_list":["post-478","post","type-post","status-publish","format-standard","has-post-thumbnail","hentry","category-coluna-capital-s-a"],"_links":{"self":[{"href":"https:\/\/blogs.correiobraziliense.com.br\/capital-sa\/wp-json\/wp\/v2\/posts\/478","targetHints":{"allow":["GET"]}}],"collection":[{"href":"https:\/\/blogs.correiobraziliense.com.br\/capital-sa\/wp-json\/wp\/v2\/posts"}],"about":[{"href":"https:\/\/blogs.correiobraziliense.com.br\/capital-sa\/wp-json\/wp\/v2\/types\/post"}],"author":[{"embeddable":true,"href":"https:\/\/blogs.correiobraziliense.com.br\/capital-sa\/wp-json\/wp\/v2\/users\/125"}],"replies":[{"embeddable":true,"href":"https:\/\/blogs.correiobraziliense.com.br\/capital-sa\/wp-json\/wp\/v2\/comments?post=478"}],"version-history":[{"count":5,"href":"https:\/\/blogs.correiobraziliense.com.br\/capital-sa\/wp-json\/wp\/v2\/posts\/478\/revisions"}],"predecessor-version":[{"id":492,"href":"https:\/\/blogs.correiobraziliense.com.br\/capital-sa\/wp-json\/wp\/v2\/posts\/478\/revisions\/492"}],"wp:featuredmedia":[{"embeddable":true,"href":"https:\/\/blogs.correiobraziliense.com.br\/capital-sa\/wp-json\/wp\/v2\/media\/479"}],"wp:attachment":[{"href":"https:\/\/blogs.correiobraziliense.com.br\/capital-sa\/wp-json\/wp\/v2\/media?parent=478"}],"wp:term":[{"taxonomy":"category","embeddable":true,"href":"https:\/\/blogs.correiobraziliense.com.br\/capital-sa\/wp-json\/wp\/v2\/categories?post=478"},{"taxonomy":"post_tag","embeddable":true,"href":"https:\/\/blogs.correiobraziliense.com.br\/capital-sa\/wp-json\/wp\/v2\/tags?post=478"}],"curies":[{"name":"wp","href":"https:\/\/api.w.org\/{rel}","templated":true}]}}