{"id":4770,"date":"2021-08-31T16:49:53","date_gmt":"2021-08-31T19:49:53","guid":{"rendered":"https:\/\/blogs.correiobraziliense.com.br\/capital-sa\/?p=4770"},"modified":"2021-08-31T16:58:24","modified_gmt":"2021-08-31T19:58:24","slug":"justica-decide-que-obra-do-viaduto-do-sudoeste-pode-continuar","status":"publish","type":"post","link":"https:\/\/blogs.correiobraziliense.com.br\/capital-sa\/2021\/08\/31\/justica-decide-que-obra-do-viaduto-do-sudoeste-pode-continuar\/","title":{"rendered":"Justi\u00e7a decide que obra do viaduto do Sudoeste pode continuar"},"content":{"rendered":"<p>Por Samanta Sallum<\/p>\n<p class=\"p1\">Foi negado o pedido de liminar para a suspens\u00e3o das obras do viaduto do Sudoeste. A Justi\u00e7a avaliou que a paralisa\u00e7\u00e3o do projeto pode causar danos ao Er\u00e1rio, \u201cpelo evidente aumento de custos respectivos em decorr\u00eancia da suspens\u00e3o\u201d, aponta o juiz Carlos Maroja, da Vara do Meio Ambiente, Desenvolvimento Urbano e Fundi\u00e1rio do DF, que assinou a decis\u00e3o.<\/p>\n<p>O pedido de liminar foi do Minist\u00e9rio P\u00fablico do DF. Parte da comunidade local \u00e9 contra a derrubada das \u00e1rvores na regi\u00e3o por causa da obra. Moradores chegaram a realizar protestos.<\/p>\n<p>\u201cA pondera\u00e7\u00e3o entre o clamor pela paralisa\u00e7\u00e3o para o fim de preserva\u00e7\u00e3o da composi\u00e7\u00e3o natural da \u00e1rea e a expectativa social pela conclus\u00e3o da obra, que ir\u00e1 beneficiar a mobilidade de vastas camadas da popula\u00e7\u00e3o, indica que seria socialmente mais gravoso a\u00a0 suspens\u00e3o do projeto\u201d, destaca a decis\u00e3o.<\/p>\n<p class=\"p1\"><span class=\"s1\">O juiz aponta ainda que a imin\u00eancia do per\u00edodo de chuvas na cidade refor\u00e7a a recomenda\u00e7\u00e3o de n\u00e3o se prejudicar sua execu\u00e7\u00e3o no presente momento.<\/span><\/p>\n","protected":false},"excerpt":{"rendered":"<p>Por Samanta Sallum Foi negado o pedido de liminar para a suspens\u00e3o das obras do viaduto do Sudoeste. A Justi\u00e7a avaliou que a paralisa\u00e7\u00e3o do projeto pode causar danos ao Er\u00e1rio, \u201cpelo evidente aumento de custos respectivos em decorr\u00eancia da suspens\u00e3o\u201d, aponta o juiz Carlos Maroja, da Vara do Meio Ambiente, Desenvolvimento Urbano e Fundi\u00e1rio do DF, que assinou a [&hellip;]<\/p>\n","protected":false},"author":125,"featured_media":4773,"comment_status":"open","ping_status":"open","sticky":false,"template":"","format":"standard","meta":{"footnotes":""},"categories":[6],"tags":[],"class_list":["post-4770","post","type-post","status-publish","format-standard","has-post-thumbnail","hentry","category-coluna-capital-s-a"],"_links":{"self":[{"href":"https:\/\/blogs.correiobraziliense.com.br\/capital-sa\/wp-json\/wp\/v2\/posts\/4770","targetHints":{"allow":["GET"]}}],"collection":[{"href":"https:\/\/blogs.correiobraziliense.com.br\/capital-sa\/wp-json\/wp\/v2\/posts"}],"about":[{"href":"https:\/\/blogs.correiobraziliense.com.br\/capital-sa\/wp-json\/wp\/v2\/types\/post"}],"author":[{"embeddable":true,"href":"https:\/\/blogs.correiobraziliense.com.br\/capital-sa\/wp-json\/wp\/v2\/users\/125"}],"replies":[{"embeddable":true,"href":"https:\/\/blogs.correiobraziliense.com.br\/capital-sa\/wp-json\/wp\/v2\/comments?post=4770"}],"version-history":[{"count":8,"href":"https:\/\/blogs.correiobraziliense.com.br\/capital-sa\/wp-json\/wp\/v2\/posts\/4770\/revisions"}],"predecessor-version":[{"id":4779,"href":"https:\/\/blogs.correiobraziliense.com.br\/capital-sa\/wp-json\/wp\/v2\/posts\/4770\/revisions\/4779"}],"wp:featuredmedia":[{"embeddable":true,"href":"https:\/\/blogs.correiobraziliense.com.br\/capital-sa\/wp-json\/wp\/v2\/media\/4773"}],"wp:attachment":[{"href":"https:\/\/blogs.correiobraziliense.com.br\/capital-sa\/wp-json\/wp\/v2\/media?parent=4770"}],"wp:term":[{"taxonomy":"category","embeddable":true,"href":"https:\/\/blogs.correiobraziliense.com.br\/capital-sa\/wp-json\/wp\/v2\/categories?post=4770"},{"taxonomy":"post_tag","embeddable":true,"href":"https:\/\/blogs.correiobraziliense.com.br\/capital-sa\/wp-json\/wp\/v2\/tags?post=4770"}],"curies":[{"name":"wp","href":"https:\/\/api.w.org\/{rel}","templated":true}]}}