{"id":4715,"date":"2021-08-30T13:41:52","date_gmt":"2021-08-30T16:41:52","guid":{"rendered":"https:\/\/blogs.correiobraziliense.com.br\/capital-sa\/?p=4715"},"modified":"2021-08-30T22:48:24","modified_gmt":"2021-08-31T01:48:24","slug":"mourao-todo-mundo-tem-estrategia-ate-levar-um-murro-na-cara","status":"publish","type":"post","link":"https:\/\/blogs.correiobraziliense.com.br\/capital-sa\/2021\/08\/30\/mourao-todo-mundo-tem-estrategia-ate-levar-um-murro-na-cara\/","title":{"rendered":"Mour\u00e3o: \u201cTodo mundo tem estrat\u00e9gia at\u00e9 levar um murro na cara\u201d"},"content":{"rendered":"<p>Por Samanta Sallum<\/p>\n<p>Em almo\u00e7o-debate com um grupo de lideran\u00e7as femininas do setor produtivo, em Bras\u00edlia, o vice-presidente, general Hamilton Mour\u00e3o, disse: \u201cTodo mundo tem estrat\u00e9gia at\u00e9 levar um murro na cara\u201c.<\/p>\n<p>\u201cSabem quem foi o fil\u00f3sofo que disse isso? Mike Tyson. E a Covid-19 foi um grande murro na cara de todo o mundo\u201c, completou Mour\u00e3o, na palestra que deu a cerca de 60 empres\u00e1rias do Distrito Federal, no Lago Sul. Os anfitri\u00f5es do evento, no espa\u00e7o La Porta, foram Livia de Moura Faria e Paulo Octavio. Ela \u00e9 presidente do Lide Mulher e ele, do Lide DF.<\/p>\n<p><img loading=\"lazy\" decoding=\"async\" class=\"aligncenter size-medium wp-image-4742\" src=\"https:\/\/blogs.correiobraziliense.com.br\/capital-sa\/wp-content\/uploads\/sites\/59\/2021\/08\/40F43E54-155B-465F-8CC2-5AFD2938903E-300x200.jpeg\" alt=\"\" width=\"300\" height=\"200\" \/><\/p>\n<p>\u201cMas quem acha que n\u00e3o estamos navegando em mares tranquilos deve olhar para tr\u00e1s na hist\u00f3ria\u201c, apontou, lembrando da gripe espanhola.<\/p>\n<p><b>Cr\u00edtica ao grande n\u00famero de partidos\u00a0<\/b><\/p>\n<p>O vice-presidente contou ser dif\u00edcil manter um \u201cpresidencialismo de coaliz\u00e3o\u201d com o grande n\u00famero de partidos que existem no pa\u00eds e com representa\u00e7\u00e3o no Congresso. \u201c\u00c9 muita gente que o governo tem de negociar para aprovar medidas importantes\u201d, apontou.<\/p>\n<p><b>Estado de Direito\u00a0<\/b><\/p>\n<p>Mour\u00e3o defendeu a democracia como melhor sistema pol\u00edtico e o capitalismo como sistema econ\u00f4mico. Ressaltou a import\u00e2ncia do Estado de Direito. &#8220;Mas sem pris\u00f5es arbitr\u00e1rias, sem diferencia\u00e7\u00e3o entre os cidad\u00e3os. O que n\u00e3o pode \u00e9 na base do eu posso, eu fa\u00e7o, eu quero e pronto. N\u00e3o sem pode olhar nome e sobrenome. Que pague quem cometeu o erro e pronto&#8221;, afirmou Mour\u00e3o. O que pode ser uma mensagem para o STF.<\/p>\n<p>O general exaltou o bicenten\u00e1rio de Anita Garibaldi em homenagem \u00e0s mulheres presentes no evento.<\/p>\n<p>\u201cO Brasil \u00e9 muito maior que os obst\u00e1culos que existem. Com a uni\u00e3o do povo brasileiro, \u00e9 poss\u00edvel. O que queremos \u00e9 a democracia e a paz social no Brasil\u201d, encerrou.<\/p>\n<p>&nbsp;<\/p>\n<p>&nbsp;<\/p>\n","protected":false},"excerpt":{"rendered":"<p>Por Samanta Sallum Em almo\u00e7o-debate com um grupo de lideran\u00e7as femininas do setor produtivo, em Bras\u00edlia, o vice-presidente, general Hamilton Mour\u00e3o, disse: \u201cTodo mundo tem estrat\u00e9gia at\u00e9 levar um murro na cara\u201c. \u201cSabem quem foi o fil\u00f3sofo que disse isso? Mike Tyson. E a Covid-19 foi um grande murro na cara de todo o mundo\u201c, completou Mour\u00e3o, na palestra que [&hellip;]<\/p>\n","protected":false},"author":125,"featured_media":0,"comment_status":"open","ping_status":"open","sticky":false,"template":"","format":"standard","meta":{"footnotes":""},"categories":[6],"tags":[224,116,564,563,556],"class_list":["post-4715","post","type-post","status-publish","format-standard","hentry","category-coluna-capital-s-a","tag-covid-19","tag-lide","tag-liderancasfemininas","tag-mourao","tag-palestra"],"_links":{"self":[{"href":"https:\/\/blogs.correiobraziliense.com.br\/capital-sa\/wp-json\/wp\/v2\/posts\/4715","targetHints":{"allow":["GET"]}}],"collection":[{"href":"https:\/\/blogs.correiobraziliense.com.br\/capital-sa\/wp-json\/wp\/v2\/posts"}],"about":[{"href":"https:\/\/blogs.correiobraziliense.com.br\/capital-sa\/wp-json\/wp\/v2\/types\/post"}],"author":[{"embeddable":true,"href":"https:\/\/blogs.correiobraziliense.com.br\/capital-sa\/wp-json\/wp\/v2\/users\/125"}],"replies":[{"embeddable":true,"href":"https:\/\/blogs.correiobraziliense.com.br\/capital-sa\/wp-json\/wp\/v2\/comments?post=4715"}],"version-history":[{"count":22,"href":"https:\/\/blogs.correiobraziliense.com.br\/capital-sa\/wp-json\/wp\/v2\/posts\/4715\/revisions"}],"predecessor-version":[{"id":4743,"href":"https:\/\/blogs.correiobraziliense.com.br\/capital-sa\/wp-json\/wp\/v2\/posts\/4715\/revisions\/4743"}],"wp:attachment":[{"href":"https:\/\/blogs.correiobraziliense.com.br\/capital-sa\/wp-json\/wp\/v2\/media?parent=4715"}],"wp:term":[{"taxonomy":"category","embeddable":true,"href":"https:\/\/blogs.correiobraziliense.com.br\/capital-sa\/wp-json\/wp\/v2\/categories?post=4715"},{"taxonomy":"post_tag","embeddable":true,"href":"https:\/\/blogs.correiobraziliense.com.br\/capital-sa\/wp-json\/wp\/v2\/tags?post=4715"}],"curies":[{"name":"wp","href":"https:\/\/api.w.org\/{rel}","templated":true}]}}