{"id":4651,"date":"2021-08-26T16:13:40","date_gmt":"2021-08-26T19:13:40","guid":{"rendered":"https:\/\/blogs.correiobraziliense.com.br\/capital-sa\/?p=4651"},"modified":"2021-08-26T16:32:46","modified_gmt":"2021-08-26T19:32:46","slug":"df-vai-impulsionar-exportacao-de-produtos-locais","status":"publish","type":"post","link":"https:\/\/blogs.correiobraziliense.com.br\/capital-sa\/2021\/08\/26\/df-vai-impulsionar-exportacao-de-produtos-locais\/","title":{"rendered":"DF vai impulsionar exporta\u00e7\u00e3o de produtos locais"},"content":{"rendered":"<p><strong>\u00a0Por Samanta Sallum\u00a0<\/strong><\/p>\n<p>A partir dos dados da intelig\u00eancia da APEX-Brasil, que aponta o potencial exportador do DF, o projeto Park das Na\u00e7\u00f5es tem como meta dobrar nos pr\u00f3ximos quatro anos as exporta\u00e7\u00f5es de mercadorias produzidas em Bras\u00edlia, bem como a diversifica\u00e7\u00e3o das atividades e linhas de produtos. O relat\u00f3rio t\u00e9cnico foi apresentado ontem no Pal\u00e1cio do Buriti para empres\u00e1rios e autoridades com a presen\u00e7a do vice-governador,Paco Britto, e do secret\u00e1rio de Desenvolvimento Econ\u00f4mico, Jos\u00e9 Eduardo Pereira Filho.<\/p>\n<p><strong>Neg\u00f3cios com a China<\/strong><\/p>\n<p>Entre os pa\u00edses que mais geraram arrecada\u00e7\u00e3o ao Distrito Federal em 2019, a China aparece em primeiro lugar, com 29,02% de participa\u00e7\u00e3o em todo valor exportado, o que representa cerca de 45,5 milh\u00f5es de d\u00f3lares. Em seguida, est\u00e3o os Estados Unidos, com 12,85%, e, na sequ\u00eancia, o Paraguai, com 9,36%. Vale citar ainda Jap\u00e3o e Portugal, que possuem, respectivamente, 7,46% e 7,17%.<\/p>\n<p><strong>Sede de organismos internacionais<\/strong><\/p>\n<p>A proximidade com embaixadas e organismos internacionais, que s\u00e3o fortes fontes de capta\u00e7\u00e3o e dissemina\u00e7\u00e3o de oportunidades de neg\u00f3cios, bem como dos minist\u00e9rios\u00a0da Economia, Agricultura, Rela\u00e7\u00f5es Exteriores e de grandes bancos estatais \u00e9 um fator que pode\u00a0colaborar na promo\u00e7\u00e3o do com\u00e9rcio exterior da capital federal.<\/p>\n<p><b>Uniceub<\/b><\/p>\n<p>O projeto Park das Na\u00e7\u00f5es \u00e9 coordenado pela Secretaria de Desenvolvimento Econ\u00f4mico. O relat\u00f3rio foi apresentado pelo Uniceub, que teve a tarefa de reunir as informa\u00e7\u00f5es t\u00e9cnicas. Foi apresentado pela representante da institui\u00e7\u00e3o, Tatiane Ara\u00fajo.<\/p>\n<p><b>Participa\u00e7\u00e3o do setor produtivo<\/b><\/p>\n<p>A iniciativa do projeto \u00e9 da Associa\u00e7\u00e3o Brasileira dos Dirigentes de Vendas e Marketing (ADVB) MK DF. Muitas entidades do setor produtivo na capital federal est\u00e3o integradas \u00e0 a\u00e7\u00e3o, como o Sebrae daqui. Participam tamb\u00e9m a Federa\u00e7\u00e3o da Agricultura e Pecu\u00e1ria do DF, da Fecom\u00e9rcio, Fibra, ACDF, Codese, OAB-DF, a Associa\u00e7\u00e3o da Ind\u00fastria Hoteleira do DF, o Conselho da Mulher Empres\u00e1ria do DF e\u00a0o Sindicato das Empresas de Turismo do DF.<\/p>\n<p><strong>Ranking nacional<\/strong><\/p>\n<p>Estudo da Codeplan aponta que o crescimento das exporta\u00e7\u00f5es do DF entre\u00a0os anos de 2008 e 2018 foi de 52% (4,3% ao ano), ao passo que o das exporta\u00e7\u00f5es do Brasil foi de 21,3% (1,9 ao ano). No decorrer desses 10 anos, a melhor coloca\u00e7\u00e3o da capital entre as UFs foi o 21\u00b0 lugar (em 2013 e 2014), e, em 2018, ocupou o 23\u00b0 lugar.<\/p>\n<p>&nbsp;<\/p>\n","protected":false},"excerpt":{"rendered":"<p>\u00a0Por Samanta Sallum\u00a0 A partir dos dados da intelig\u00eancia da APEX-Brasil, que aponta o potencial exportador do DF, o projeto Park das Na\u00e7\u00f5es tem como meta dobrar nos pr\u00f3ximos quatro anos as exporta\u00e7\u00f5es de mercadorias produzidas em Bras\u00edlia, bem como a diversifica\u00e7\u00e3o das atividades e linhas de produtos. O relat\u00f3rio t\u00e9cnico foi apresentado ontem no Pal\u00e1cio do Buriti para empres\u00e1rios [&hellip;]<\/p>\n","protected":false},"author":125,"featured_media":0,"comment_status":"open","ping_status":"open","sticky":false,"template":"","format":"standard","meta":{"footnotes":""},"categories":[6],"tags":[],"class_list":["post-4651","post","type-post","status-publish","format-standard","hentry","category-coluna-capital-s-a"],"_links":{"self":[{"href":"https:\/\/blogs.correiobraziliense.com.br\/capital-sa\/wp-json\/wp\/v2\/posts\/4651","targetHints":{"allow":["GET"]}}],"collection":[{"href":"https:\/\/blogs.correiobraziliense.com.br\/capital-sa\/wp-json\/wp\/v2\/posts"}],"about":[{"href":"https:\/\/blogs.correiobraziliense.com.br\/capital-sa\/wp-json\/wp\/v2\/types\/post"}],"author":[{"embeddable":true,"href":"https:\/\/blogs.correiobraziliense.com.br\/capital-sa\/wp-json\/wp\/v2\/users\/125"}],"replies":[{"embeddable":true,"href":"https:\/\/blogs.correiobraziliense.com.br\/capital-sa\/wp-json\/wp\/v2\/comments?post=4651"}],"version-history":[{"count":9,"href":"https:\/\/blogs.correiobraziliense.com.br\/capital-sa\/wp-json\/wp\/v2\/posts\/4651\/revisions"}],"predecessor-version":[{"id":4661,"href":"https:\/\/blogs.correiobraziliense.com.br\/capital-sa\/wp-json\/wp\/v2\/posts\/4651\/revisions\/4661"}],"wp:attachment":[{"href":"https:\/\/blogs.correiobraziliense.com.br\/capital-sa\/wp-json\/wp\/v2\/media?parent=4651"}],"wp:term":[{"taxonomy":"category","embeddable":true,"href":"https:\/\/blogs.correiobraziliense.com.br\/capital-sa\/wp-json\/wp\/v2\/categories?post=4651"},{"taxonomy":"post_tag","embeddable":true,"href":"https:\/\/blogs.correiobraziliense.com.br\/capital-sa\/wp-json\/wp\/v2\/tags?post=4651"}],"curies":[{"name":"wp","href":"https:\/\/api.w.org\/{rel}","templated":true}]}}