{"id":4549,"date":"2021-08-23T15:14:01","date_gmt":"2021-08-23T18:14:01","guid":{"rendered":"https:\/\/blogs.correiobraziliense.com.br\/capital-sa\/?p=4549"},"modified":"2021-08-23T17:37:41","modified_gmt":"2021-08-23T20:37:41","slug":"em-destaque-no-df-setor-atacadista-celebra-20-anos-de-sindicato","status":"publish","type":"post","link":"https:\/\/blogs.correiobraziliense.com.br\/capital-sa\/2021\/08\/23\/em-destaque-no-df-setor-atacadista-celebra-20-anos-de-sindicato\/","title":{"rendered":"Em destaque no DF, setor atacadista celebra 20 anos de sindicato"},"content":{"rendered":"<p>Por Samanta Sallum\/ Imagens de Telmo Ximenes<\/p>\n<p class=\"p1\">O m\u00eas de agosto foi de comemora\u00e7\u00e3o do 20\u00ba anivers\u00e1rio do Sindiatacadista\/DF, que celebrou a data de forma especial. O crescimento exponencial do segmento na regi\u00e3o foi reconhecido pela Associa\u00e7\u00e3o Brasileira de Atacadistas e Distribuidores de Produtos Industrializados (ABAD), que premiou empresas locais recentemente como o grupo Dia a Dia.<\/p>\n<p class=\"p1\"><span class=\"s2\">O SindiAtacadista, em jantar realizado no D\u00fania Hall, no Lago Sul, reuniu empres\u00e1rios do setor, pol\u00edticos e autoridades na quinta-feira passada. O presidente da entidade, Lyzipo Gomide, e o diretor executivo, Anderson Nunes, foram os anfitri\u00f5es da noite. Uma das presen\u00e7as de destaque foi a do presidente da ABAD, Leonardo Severini.<\/span><\/p>\n<p class=\"p1\"><span class=\"s2\">&#8220;A capital federal, de sede administrativa, evoluiu para ser uma cidade de neg\u00f3cios e empreendimentos. Acho que o nosso sindicato simboliza esse desenvolvimento. Temos muito<span class=\"Apple-converted-space\">\u00a0<\/span>mais espa\u00e7o para crescer. Bras\u00edlia est\u00e1 muito bem localizada e conta com<span class=\"Apple-converted-space\">\u00a0<\/span>excelente infraestrutura&#8221;, destacou Lysipo Gomide.<\/span><\/p>\n<p><img loading=\"lazy\" decoding=\"async\" class=\"aligncenter size-medium wp-image-4556\" src=\"https:\/\/blogs.correiobraziliense.com.br\/capital-sa\/wp-content\/uploads\/sites\/59\/2021\/08\/7B2BAE39-81EB-4D08-8848-63BBB790DD11-300x204.jpeg\" alt=\"\" width=\"300\" height=\"204\" srcset=\"https:\/\/blogs.correiobraziliense.com.br\/capital-sa\/wp-content\/uploads\/sites\/59\/2021\/08\/7B2BAE39-81EB-4D08-8848-63BBB790DD11-300x204.jpeg 300w, https:\/\/blogs.correiobraziliense.com.br\/capital-sa\/wp-content\/uploads\/sites\/59\/2021\/08\/7B2BAE39-81EB-4D08-8848-63BBB790DD11-768x523.jpeg 768w, https:\/\/blogs.correiobraziliense.com.br\/capital-sa\/wp-content\/uploads\/sites\/59\/2021\/08\/7B2BAE39-81EB-4D08-8848-63BBB790DD11-800x545.jpeg 800w, https:\/\/blogs.correiobraziliense.com.br\/capital-sa\/wp-content\/uploads\/sites\/59\/2021\/08\/7B2BAE39-81EB-4D08-8848-63BBB790DD11-550x375.jpeg 550w, https:\/\/blogs.correiobraziliense.com.br\/capital-sa\/wp-content\/uploads\/sites\/59\/2021\/08\/7B2BAE39-81EB-4D08-8848-63BBB790DD11-230x157.jpeg 230w, https:\/\/blogs.correiobraziliense.com.br\/capital-sa\/wp-content\/uploads\/sites\/59\/2021\/08\/7B2BAE39-81EB-4D08-8848-63BBB790DD11.jpeg 1010w\" sizes=\"auto, (max-width: 300px) 100vw, 300px\" \/><\/p>\n<p class=\"p1\"><span class=\"s2\">No Ranking ABAD\/Nielsen, divulgado em maio, o Distrito Federal se destacou e obteve o crescimento de 12,5% em 2020. Com isso, foi alcan\u00e7ado um faturamento total de R$ 6,5 bi. O Grupo Dia a Dia foi considerado l\u00edder absoluto na regi\u00e3o, conquistando a primeira coloca\u00e7\u00e3o no Top 10 do setor no Centro-Oeste. Na compara\u00e7\u00e3o nacional, a rede alcan\u00e7ou o quarto lugar.<\/span><\/p>\n<p><b>Premia\u00e7\u00e3o<\/b><\/p>\n<p><span class=\"s2\">Os representantes das empresas Nova Amazonas,\u00a0<\/span>Machmelo, Pecista Autope\u00e7as, Condor Atacadista, WG Comercial, STO Atacadista e Caf\u00e9 Export receberam no evento uma placa comemorativa pelo destaque no setor.<\/p>\n<p class=\"p1\"><span class=\"s2\">Entre os presentes, estavam o secret\u00e1rio de Economia do DF, Andr\u00e9 Clemente; o superintendente do Sebrae no DF, Valdir Oliveira; o senador Izalci Lucas, o casal Paula e Luiz Felipe Belmonte; e a distrital J\u00falia Lucy.<\/span><\/p>\n<p>Os empres\u00e1rios agradeceram o apoio do governador Ibaneis Rocha ao setor. O secret\u00e1rio Andr\u00e9 Clemente refor\u00e7ou o compromisso do GDF em contribuir para um ambiente de neg\u00f3cios favor\u00e1vel \u00e0 expans\u00e3o do setor privado na capital. Clemente destacou o peso do setor atacadista na arrecada\u00e7\u00e3o de impostos e na manuten\u00e7\u00e3o de empregos.<\/p>\n<p><b>FECOM\u00c9RCIO-DF\u00a0<\/b><\/p>\n<p><img loading=\"lazy\" decoding=\"async\" class=\"aligncenter size-medium wp-image-4558\" src=\"https:\/\/blogs.correiobraziliense.com.br\/capital-sa\/wp-content\/uploads\/sites\/59\/2021\/08\/9DFF4974-C0BC-4E5A-B5F7-7EEF6D95C558-300x257.jpeg\" alt=\"\" width=\"300\" height=\"257\" srcset=\"https:\/\/blogs.correiobraziliense.com.br\/capital-sa\/wp-content\/uploads\/sites\/59\/2021\/08\/9DFF4974-C0BC-4E5A-B5F7-7EEF6D95C558-300x257.jpeg 300w, https:\/\/blogs.correiobraziliense.com.br\/capital-sa\/wp-content\/uploads\/sites\/59\/2021\/08\/9DFF4974-C0BC-4E5A-B5F7-7EEF6D95C558-550x471.jpeg 550w, https:\/\/blogs.correiobraziliense.com.br\/capital-sa\/wp-content\/uploads\/sites\/59\/2021\/08\/9DFF4974-C0BC-4E5A-B5F7-7EEF6D95C558-230x197.jpeg 230w, https:\/\/blogs.correiobraziliense.com.br\/capital-sa\/wp-content\/uploads\/sites\/59\/2021\/08\/9DFF4974-C0BC-4E5A-B5F7-7EEF6D95C558.jpeg 617w\" sizes=\"auto, (max-width: 300px) 100vw, 300px\" \/><\/p>\n<p class=\"p1\"><span class=\"s2\">Representando a Fecom\u00e9rcio-DF, \u00c1lvaro Silveira J\u00fanior (foto), que tamb\u00e9m \u00e9 empres\u00e1rio atacadista, compareceu ao evento e celebrou a consolida\u00e7\u00e3o do setor. &#8220;Importante contribuir para a gera\u00e7\u00e3o de empregos e para o desenvolvimento econ\u00f4mico da nossa capital&#8221;, afirmou.<\/span><\/p>\n<p>O SindiAtacadista representa todo o com\u00e9rcio do segmento no DF, entre os quais est\u00e3o: g\u00eaneros aliment\u00edcios, autosservi\u00e7o, autope\u00e7as, material de constru\u00e7\u00e3o e medicamentos. \u00a0Ao todo, s\u00e3o 400 empresas representadas pela entidade sindical sem fins lucrativos. E, atualmente, sua base \u00e9 composta de 187 associadas.<\/p>\n<p class=\"p1\"><span class=\"s2\">&#8220;Acreditamos que o Sindiatacadista\/DF est\u00e1 no caminho certo para obter um relacionamento mais s\u00f3lido e transparente com seus clientes e associados. Queremos aprimorar essa representatividade t\u00e3o importante para o crescimento de todo o setor&#8221;, destacou o diretor executivo, Anderson Nunes.<\/span><\/p>\n<p>&nbsp;<\/p>\n<p><img loading=\"lazy\" decoding=\"async\" class=\"aligncenter size-medium wp-image-4564\" src=\"https:\/\/blogs.correiobraziliense.com.br\/capital-sa\/wp-content\/uploads\/sites\/59\/2021\/08\/7C7265D8-3F44-4298-A4D6-756D554D8B5D-300x200.jpeg\" alt=\"\" width=\"300\" height=\"200\" \/><\/p>\n<p><img loading=\"lazy\" decoding=\"async\" class=\"aligncenter size-medium wp-image-4565\" src=\"https:\/\/blogs.correiobraziliense.com.br\/capital-sa\/wp-content\/uploads\/sites\/59\/2021\/08\/0AA57997-FB78-474A-B0DF-28A234586082-300x200.jpeg\" alt=\"\" width=\"300\" height=\"200\" \/><\/p>\n<p><img loading=\"lazy\" decoding=\"async\" class=\"aligncenter size-medium wp-image-4566\" src=\"https:\/\/blogs.correiobraziliense.com.br\/capital-sa\/wp-content\/uploads\/sites\/59\/2021\/08\/8E4F9667-7C6F-4277-82EC-A7CFAC923462-300x200.jpeg\" alt=\"\" width=\"300\" height=\"200\" \/><\/p>\n<p>&nbsp;<\/p>\n<p><img loading=\"lazy\" decoding=\"async\" class=\"aligncenter size-medium wp-image-4569\" src=\"https:\/\/blogs.correiobraziliense.com.br\/capital-sa\/wp-content\/uploads\/sites\/59\/2021\/08\/40B83EEC-61D1-4698-B34C-5CA4C9B5640A-200x300.jpeg\" alt=\"\" width=\"200\" height=\"300\" \/><\/p>\n<p><img loading=\"lazy\" decoding=\"async\" class=\"aligncenter size-medium wp-image-4570\" src=\"https:\/\/blogs.correiobraziliense.com.br\/capital-sa\/wp-content\/uploads\/sites\/59\/2021\/08\/E7A9E8D3-A7B0-4DA1-8B74-8480F1722A05-300x200.jpeg\" alt=\"\" width=\"300\" height=\"200\" \/><\/p>\n<p><img loading=\"lazy\" decoding=\"async\" class=\"aligncenter size-medium wp-image-4571\" src=\"https:\/\/blogs.correiobraziliense.com.br\/capital-sa\/wp-content\/uploads\/sites\/59\/2021\/08\/BC1508E3-9BFC-4FF0-8459-F7EDF71636A5-200x300.jpeg\" alt=\"\" width=\"200\" height=\"300\" \/><\/p>\n<p>&nbsp;<\/p>\n<p>&nbsp;<\/p>\n","protected":false},"excerpt":{"rendered":"<p>Por Samanta Sallum\/ Imagens de Telmo Ximenes O m\u00eas de agosto foi de comemora\u00e7\u00e3o do 20\u00ba anivers\u00e1rio do Sindiatacadista\/DF, que celebrou a data de forma especial. O crescimento exponencial do segmento na regi\u00e3o foi reconhecido pela Associa\u00e7\u00e3o Brasileira de Atacadistas e Distribuidores de Produtos Industrializados (ABAD), que premiou empresas locais recentemente como o grupo Dia a Dia. O SindiAtacadista, em [&hellip;]<\/p>\n","protected":false},"author":125,"featured_media":4576,"comment_status":"open","ping_status":"open","sticky":false,"template":"","format":"standard","meta":{"footnotes":""},"categories":[6],"tags":[562,561,141,560],"class_list":["post-4549","post","type-post","status-publish","format-standard","has-post-thumbnail","hentry","category-coluna-capital-s-a","tag-abad","tag-aniversario","tag-evento","tag-sindiatacadista"],"_links":{"self":[{"href":"https:\/\/blogs.correiobraziliense.com.br\/capital-sa\/wp-json\/wp\/v2\/posts\/4549","targetHints":{"allow":["GET"]}}],"collection":[{"href":"https:\/\/blogs.correiobraziliense.com.br\/capital-sa\/wp-json\/wp\/v2\/posts"}],"about":[{"href":"https:\/\/blogs.correiobraziliense.com.br\/capital-sa\/wp-json\/wp\/v2\/types\/post"}],"author":[{"embeddable":true,"href":"https:\/\/blogs.correiobraziliense.com.br\/capital-sa\/wp-json\/wp\/v2\/users\/125"}],"replies":[{"embeddable":true,"href":"https:\/\/blogs.correiobraziliense.com.br\/capital-sa\/wp-json\/wp\/v2\/comments?post=4549"}],"version-history":[{"count":16,"href":"https:\/\/blogs.correiobraziliense.com.br\/capital-sa\/wp-json\/wp\/v2\/posts\/4549\/revisions"}],"predecessor-version":[{"id":4578,"href":"https:\/\/blogs.correiobraziliense.com.br\/capital-sa\/wp-json\/wp\/v2\/posts\/4549\/revisions\/4578"}],"wp:featuredmedia":[{"embeddable":true,"href":"https:\/\/blogs.correiobraziliense.com.br\/capital-sa\/wp-json\/wp\/v2\/media\/4576"}],"wp:attachment":[{"href":"https:\/\/blogs.correiobraziliense.com.br\/capital-sa\/wp-json\/wp\/v2\/media?parent=4549"}],"wp:term":[{"taxonomy":"category","embeddable":true,"href":"https:\/\/blogs.correiobraziliense.com.br\/capital-sa\/wp-json\/wp\/v2\/categories?post=4549"},{"taxonomy":"post_tag","embeddable":true,"href":"https:\/\/blogs.correiobraziliense.com.br\/capital-sa\/wp-json\/wp\/v2\/tags?post=4549"}],"curies":[{"name":"wp","href":"https:\/\/api.w.org\/{rel}","templated":true}]}}