{"id":4497,"date":"2021-08-21T16:19:19","date_gmt":"2021-08-21T19:19:19","guid":{"rendered":"https:\/\/blogs.correiobraziliense.com.br\/capital-sa\/?p=4497"},"modified":"2021-08-21T16:39:08","modified_gmt":"2021-08-21T19:39:08","slug":"royal-experience-edicao-de-inverno","status":"publish","type":"post","link":"https:\/\/blogs.correiobraziliense.com.br\/capital-sa\/2021\/08\/21\/royal-experience-edicao-de-inverno\/","title":{"rendered":"Royal Experience \u2014 edi\u00e7\u00e3o de inverno"},"content":{"rendered":"<p>Por Samanta Sallum<\/p>\n<p>Hoje \u00e9 dia de dica gastron\u00f4mica na coluna. A novidade, rec\u00e9m-inaugurada, \u00e9 o espa\u00e7o Royal Experience. Comandado pelo chef El\u00edzio Correa \u2013 que se destaca por ter servido autoridades e chefes de Estado internacionais, como Barack Obama, Angela Merkel, Xi Jinping e Vladimir Putin \u2013, o card\u00e1pio contempla uma variedade de pratos contempor\u00e2neos compostos por mat\u00e9rias-primas de produtores locais, al\u00e9m de uma seleta carta de vinhos.<\/p>\n<p>O ambiente aconchegante que fica no Royal Tulip ,no Setor de Clubes Norte, \u00e9 arejado, pr\u00f3ximo ao lago. Conta com atra\u00e7\u00f5es musicais ao vivo que embalam a \u201cexperi\u00eancia\u201c \u00a0com jazz, MPB e m\u00fasica pop.<\/p>\n<p><img loading=\"lazy\" decoding=\"async\" class=\"aligncenter size-medium wp-image-4507\" src=\"https:\/\/blogs.correiobraziliense.com.br\/capital-sa\/wp-content\/uploads\/sites\/59\/2021\/08\/2D98BB9A-AC4A-4A05-A87B-10F489FE0E5C-300x248.jpeg\" alt=\"\" width=\"300\" height=\"248\" \/><\/p>\n<p>A temporada do projeto vai at\u00e9 <a href=\"\/\/5\">15 de outubro<\/a>. De quarta a s\u00e1bado, a partir das 19h.\u00a0Domingo a partir das 16h.<\/p>\n<p><b>Menu especial<\/b><\/p>\n<p>\u201cO evento \u00e9 um convite imperd\u00edvel para os amantes da alta gastronomia. Preparamos um menu especial, com op\u00e7\u00f5es nacionais e internacionais, al\u00e9m de elaborarmos criteriosamente uma carta de vinhos para harmonizar com os pratos, contando com vinhos premiados e excelentes descobertas\u201d, diz El\u00edzio Correa.<\/p>\n<p><img loading=\"lazy\" decoding=\"async\" class=\"aligncenter size-medium wp-image-4509\" src=\"https:\/\/blogs.correiobraziliense.com.br\/capital-sa\/wp-content\/uploads\/sites\/59\/2021\/08\/50FB7C9D-E57B-4AFC-8043-6F521EDF15B6-300x200.jpeg\" alt=\"\" width=\"300\" height=\"200\" \/><\/p>\n","protected":false},"excerpt":{"rendered":"<p>Por Samanta Sallum Hoje \u00e9 dia de dica gastron\u00f4mica na coluna. A novidade, rec\u00e9m-inaugurada, \u00e9 o espa\u00e7o Royal Experience. Comandado pelo chef El\u00edzio Correa \u2013 que se destaca por ter servido autoridades e chefes de Estado internacionais, como Barack Obama, Angela Merkel, Xi Jinping e Vladimir Putin \u2013, o card\u00e1pio contempla uma variedade de pratos contempor\u00e2neos compostos por mat\u00e9rias-primas de [&hellip;]<\/p>\n","protected":false},"author":125,"featured_media":0,"comment_status":"open","ping_status":"open","sticky":false,"template":"","format":"standard","meta":{"footnotes":""},"categories":[6],"tags":[],"class_list":["post-4497","post","type-post","status-publish","format-standard","hentry","category-coluna-capital-s-a"],"_links":{"self":[{"href":"https:\/\/blogs.correiobraziliense.com.br\/capital-sa\/wp-json\/wp\/v2\/posts\/4497","targetHints":{"allow":["GET"]}}],"collection":[{"href":"https:\/\/blogs.correiobraziliense.com.br\/capital-sa\/wp-json\/wp\/v2\/posts"}],"about":[{"href":"https:\/\/blogs.correiobraziliense.com.br\/capital-sa\/wp-json\/wp\/v2\/types\/post"}],"author":[{"embeddable":true,"href":"https:\/\/blogs.correiobraziliense.com.br\/capital-sa\/wp-json\/wp\/v2\/users\/125"}],"replies":[{"embeddable":true,"href":"https:\/\/blogs.correiobraziliense.com.br\/capital-sa\/wp-json\/wp\/v2\/comments?post=4497"}],"version-history":[{"count":7,"href":"https:\/\/blogs.correiobraziliense.com.br\/capital-sa\/wp-json\/wp\/v2\/posts\/4497\/revisions"}],"predecessor-version":[{"id":4505,"href":"https:\/\/blogs.correiobraziliense.com.br\/capital-sa\/wp-json\/wp\/v2\/posts\/4497\/revisions\/4505"}],"wp:attachment":[{"href":"https:\/\/blogs.correiobraziliense.com.br\/capital-sa\/wp-json\/wp\/v2\/media?parent=4497"}],"wp:term":[{"taxonomy":"category","embeddable":true,"href":"https:\/\/blogs.correiobraziliense.com.br\/capital-sa\/wp-json\/wp\/v2\/categories?post=4497"},{"taxonomy":"post_tag","embeddable":true,"href":"https:\/\/blogs.correiobraziliense.com.br\/capital-sa\/wp-json\/wp\/v2\/tags?post=4497"}],"curies":[{"name":"wp","href":"https:\/\/api.w.org\/{rel}","templated":true}]}}