{"id":4473,"date":"2021-08-19T13:21:59","date_gmt":"2021-08-19T16:21:59","guid":{"rendered":"https:\/\/blogs.correiobraziliense.com.br\/capital-sa\/?p=4473"},"modified":"2021-08-19T14:47:31","modified_gmt":"2021-08-19T17:47:31","slug":"justica-afasta-jose-aparecido-da-presidencia-da-fecomercio-df","status":"publish","type":"post","link":"https:\/\/blogs.correiobraziliense.com.br\/capital-sa\/2021\/08\/19\/justica-afasta-jose-aparecido-da-presidencia-da-fecomercio-df\/","title":{"rendered":"Justi\u00e7a afasta Jos\u00e9 Aparecido da presid\u00eancia da Fecom\u00e9rcio DF"},"content":{"rendered":"<p>Por Samanta Sallum<\/p>\n<p>Na mesma manh\u00e3 que Jos\u00e9 Aparecido recebia finalmente a gest\u00e3o do Sesc e Senac, foi deferida Tutela Antecipada pelo Poder Judici\u00e1rio para suspender os efeitos da elei\u00e7\u00e3o dele ocorrida em 05\/03\/21 para a presid\u00eancia da Federa\u00e7\u00e3o do Com\u00e9rcio de Bens, Servi\u00e7os e Turismo do Distrito Federal (Fecom\u00e9rcio-DF) at\u00e9 o julgamento de m\u00e9rito. A a\u00e7\u00e3o foi proposta por dez Delegados Sindicais representantes da Fecom\u00e9rcio\/DF baseado na inexigibilidade de Jos\u00e9 Aparecido, conforme j\u00e1 divulgado por essa coluna.<\/p>\n<p>O efeito pr\u00e1tico da decis\u00e3o \u00e9 o afastamento imediato de Jos\u00e9 Aparecido da Costa Freire da presid\u00eancia da Fecom\u00e9rcio-DF e quem assumir\u00e1 interinamente ser\u00e1 \u00a0 Edson de Castro, que \u00e9 Presidente do Sindivarejista\/DF.<\/p>\n<p>A decis\u00e3o judicial de hoje do Tribunal Regional do Trabalho destaca os princ\u00edpios da moralidade e legalidade. O m\u00e9rito do processo corre em segredo de Justi\u00e7a.<\/p>\n<p>Na manh\u00e3 de hoje, em reuni\u00e3o dos conselhos do Sesc e Senac do DF , o presidente da CNC, Jos\u00e9 Roberto Tadros, por teleconfer\u00eancia, repassou oficialmente a gest\u00e3o das duas entidades para o ent\u00e3o presidente da Fecomercio Jos\u00e9 Aparecido. Mas a Justi\u00e7a emitiu liminar afastando o empres\u00e1rio.<\/p>\n<p>Aparecido teve a candidatura em mar\u00e7o questionada pela Confedera\u00e7\u00e3o Nacional do Com\u00e9rcio (CNC). A entidade emitiu um parecer jur\u00eddico pedindo a impugna\u00e7\u00e3o do empres\u00e1rio por ter pend\u00eancias judiciais e isso ferir o regimento.<\/p>\n<p>Aparecido na \u00e9poca se defendeu afirmando que nunca tinha sido condenado nas den\u00fancias de irregulares em uma \u00a0licita\u00e7\u00e3o da qual sua empresa tinha participado. A ent\u00e3o dire\u00e7\u00e3o da Fecomercio n\u00e3o acatou o parecer o que permitiu a vit\u00f3ria de Aparecido. No entanto a CNC n\u00e3o permitiu que ele assumisse a gest\u00e3o do Sesc e Senac locais.<\/p>\n<p>A decis\u00e3o cabe recurso. Pode ser revertida. Procurados pela coluna, Aparecido nem sua assessoria de imprensa retornaram. N\u00e3o emitiram posi\u00e7\u00e3o oficial ainda. Mas a informa\u00e7\u00e3o \u00e9 de que est\u00e1 reunido com os advogados para derrubar \u00a0a liminar.<\/p>\n<p>&nbsp;<\/p>\n<p>&nbsp;<\/p>\n<p>&nbsp;<\/p>\n","protected":false},"excerpt":{"rendered":"<p>Por Samanta Sallum Na mesma manh\u00e3 que Jos\u00e9 Aparecido recebia finalmente a gest\u00e3o do Sesc e Senac, foi deferida Tutela Antecipada pelo Poder Judici\u00e1rio para suspender os efeitos da elei\u00e7\u00e3o dele ocorrida em 05\/03\/21 para a presid\u00eancia da Federa\u00e7\u00e3o do Com\u00e9rcio de Bens, Servi\u00e7os e Turismo do Distrito Federal (Fecom\u00e9rcio-DF) at\u00e9 o julgamento de m\u00e9rito. A a\u00e7\u00e3o foi proposta por [&hellip;]<\/p>\n","protected":false},"author":125,"featured_media":3272,"comment_status":"open","ping_status":"open","sticky":false,"template":"","format":"standard","meta":{"footnotes":""},"categories":[6],"tags":[],"class_list":["post-4473","post","type-post","status-publish","format-standard","has-post-thumbnail","hentry","category-coluna-capital-s-a"],"_links":{"self":[{"href":"https:\/\/blogs.correiobraziliense.com.br\/capital-sa\/wp-json\/wp\/v2\/posts\/4473","targetHints":{"allow":["GET"]}}],"collection":[{"href":"https:\/\/blogs.correiobraziliense.com.br\/capital-sa\/wp-json\/wp\/v2\/posts"}],"about":[{"href":"https:\/\/blogs.correiobraziliense.com.br\/capital-sa\/wp-json\/wp\/v2\/types\/post"}],"author":[{"embeddable":true,"href":"https:\/\/blogs.correiobraziliense.com.br\/capital-sa\/wp-json\/wp\/v2\/users\/125"}],"replies":[{"embeddable":true,"href":"https:\/\/blogs.correiobraziliense.com.br\/capital-sa\/wp-json\/wp\/v2\/comments?post=4473"}],"version-history":[{"count":14,"href":"https:\/\/blogs.correiobraziliense.com.br\/capital-sa\/wp-json\/wp\/v2\/posts\/4473\/revisions"}],"predecessor-version":[{"id":4489,"href":"https:\/\/blogs.correiobraziliense.com.br\/capital-sa\/wp-json\/wp\/v2\/posts\/4473\/revisions\/4489"}],"wp:featuredmedia":[{"embeddable":true,"href":"https:\/\/blogs.correiobraziliense.com.br\/capital-sa\/wp-json\/wp\/v2\/media\/3272"}],"wp:attachment":[{"href":"https:\/\/blogs.correiobraziliense.com.br\/capital-sa\/wp-json\/wp\/v2\/media?parent=4473"}],"wp:term":[{"taxonomy":"category","embeddable":true,"href":"https:\/\/blogs.correiobraziliense.com.br\/capital-sa\/wp-json\/wp\/v2\/categories?post=4473"},{"taxonomy":"post_tag","embeddable":true,"href":"https:\/\/blogs.correiobraziliense.com.br\/capital-sa\/wp-json\/wp\/v2\/tags?post=4473"}],"curies":[{"name":"wp","href":"https:\/\/api.w.org\/{rel}","templated":true}]}}