{"id":4443,"date":"2021-08-18T10:18:25","date_gmt":"2021-08-18T13:18:25","guid":{"rendered":"https:\/\/blogs.correiobraziliense.com.br\/capital-sa\/?p=4443"},"modified":"2021-08-18T10:18:25","modified_gmt":"2021-08-18T13:18:25","slug":"lideranca-empresarial-brasiliense-no-brics","status":"publish","type":"post","link":"https:\/\/blogs.correiobraziliense.com.br\/capital-sa\/2021\/08\/18\/lideranca-empresarial-brasiliense-no-brics\/","title":{"rendered":"Lideran\u00e7a empresarial brasiliense no Brics"},"content":{"rendered":"<p>Por Samanta Sallum<\/p>\n<p>Janete Vaz,\u00a0cofundadora e presidente do Conselho de Administra\u00e7\u00e3o do Grupo Sabin, participou do Brics Business F\u00f3rum 2021, organizado na \u00cdndia. Por teleconfer\u00eancia, ela teve a especial miss\u00e3o ontem de representar o Brasil na rodada Mulheres de neg\u00f3cios e a contribui\u00e7\u00e3o para o desenvolvimento sustent\u00e1vel dos pa\u00edses.<\/p>\n<p>O Brics \u00e9 o agrupamento formado por cinco grandes pa\u00edses emergentes &#8211; Brasil, R\u00fassia, \u00cdndia, China e \u00c1frica do Sul &#8211; que, juntos, representam cerca de 42% da popula\u00e7\u00e3o, 23% do PIB, 30% do territ\u00f3rio e 18% do com\u00e9rcio mundial.<\/p>\n<p><b>Unidos pela vacina<br \/>\n<\/b><br \/>\nJanete contou que ela, a empres\u00e1ria Luiza Helena Trajano e mais 40 participantes criaram, em 2017, o Grupo Mulheres do Brasil, que hoje \u00e9 composto por mais de 90 mil mulheres. A partir dos grandes desafios da pandemia, nasceu o Movimento Unidos pela Vacina, que mobilizou a sociedade civil\u00a0organizando diversas frentes de trabalho para viabilizar que todos os brasileiros tivessem acesso \u00e0 vacina de Covid.<\/p>\n<p><b>Tendas para drive thru<br \/>\n<\/b><br \/>\n\u201cCom isso<u>, <\/u>conseguimos entregar 530 mil itens, que permitiram a vacina chegar ao bra\u00e7o da popula\u00e7\u00e3o o mais r\u00e1pido poss\u00edvel, sem ruptura, com qualidade e seguran\u00e7a. Este era e continua sendo nosso prop\u00f3sito\u201d, afirmou Janete. Entre as doa\u00e7\u00f5es,est\u00e3o c\u00e2maras frias, caixas t\u00e9rmicas, computadores, term\u00f4metros, ar-condicionado, tablet, tendas para drive thru, EPIs, celulares, entre outros.<\/p>\n","protected":false},"excerpt":{"rendered":"<p>Por Samanta Sallum Janete Vaz,\u00a0cofundadora e presidente do Conselho de Administra\u00e7\u00e3o do Grupo Sabin, participou do Brics Business F\u00f3rum 2021, organizado na \u00cdndia. Por teleconfer\u00eancia, ela teve a especial miss\u00e3o ontem de representar o Brasil na rodada Mulheres de neg\u00f3cios e a contribui\u00e7\u00e3o para o desenvolvimento sustent\u00e1vel dos pa\u00edses. O Brics \u00e9 o agrupamento formado por cinco grandes pa\u00edses emergentes [&hellip;]<\/p>\n","protected":false},"author":125,"featured_media":0,"comment_status":"open","ping_status":"open","sticky":false,"template":"","format":"standard","meta":{"footnotes":""},"categories":[6],"tags":[],"class_list":["post-4443","post","type-post","status-publish","format-standard","hentry","category-coluna-capital-s-a"],"_links":{"self":[{"href":"https:\/\/blogs.correiobraziliense.com.br\/capital-sa\/wp-json\/wp\/v2\/posts\/4443","targetHints":{"allow":["GET"]}}],"collection":[{"href":"https:\/\/blogs.correiobraziliense.com.br\/capital-sa\/wp-json\/wp\/v2\/posts"}],"about":[{"href":"https:\/\/blogs.correiobraziliense.com.br\/capital-sa\/wp-json\/wp\/v2\/types\/post"}],"author":[{"embeddable":true,"href":"https:\/\/blogs.correiobraziliense.com.br\/capital-sa\/wp-json\/wp\/v2\/users\/125"}],"replies":[{"embeddable":true,"href":"https:\/\/blogs.correiobraziliense.com.br\/capital-sa\/wp-json\/wp\/v2\/comments?post=4443"}],"version-history":[{"count":4,"href":"https:\/\/blogs.correiobraziliense.com.br\/capital-sa\/wp-json\/wp\/v2\/posts\/4443\/revisions"}],"predecessor-version":[{"id":4447,"href":"https:\/\/blogs.correiobraziliense.com.br\/capital-sa\/wp-json\/wp\/v2\/posts\/4443\/revisions\/4447"}],"wp:attachment":[{"href":"https:\/\/blogs.correiobraziliense.com.br\/capital-sa\/wp-json\/wp\/v2\/media?parent=4443"}],"wp:term":[{"taxonomy":"category","embeddable":true,"href":"https:\/\/blogs.correiobraziliense.com.br\/capital-sa\/wp-json\/wp\/v2\/categories?post=4443"},{"taxonomy":"post_tag","embeddable":true,"href":"https:\/\/blogs.correiobraziliense.com.br\/capital-sa\/wp-json\/wp\/v2\/tags?post=4443"}],"curies":[{"name":"wp","href":"https:\/\/api.w.org\/{rel}","templated":true}]}}