{"id":4424,"date":"2021-08-17T09:58:32","date_gmt":"2021-08-17T12:58:32","guid":{"rendered":"https:\/\/blogs.correiobraziliense.com.br\/capital-sa\/?p=4424"},"modified":"2021-08-17T16:58:23","modified_gmt":"2021-08-17T19:58:23","slug":"codese-df-balanco-de-gestao-e-novo-presidente","status":"publish","type":"post","link":"https:\/\/blogs.correiobraziliense.com.br\/capital-sa\/2021\/08\/17\/codese-df-balanco-de-gestao-e-novo-presidente\/","title":{"rendered":"Codese DF: balan\u00e7o de gest\u00e3o e novo presidente"},"content":{"rendered":"<p class=\"p1\">Por Samanta Sallum<\/p>\n<p class=\"p1\"><span class=\"s1\">Depois de dois mandatos presidindo o Conselho de Desenvolvimento Econ\u00f4mico, Sustent\u00e1vel e Estrat\u00e9gico do DF (Codese), o empres\u00e1rio Paulo Muniz passa hoje a gest\u00e3o para Leonardo Oliveira de \u00c1vila. Ambos atuam na constru\u00e7\u00e3o civil. A sucess\u00e3o representa uma continuidade, j\u00e1 que houve consenso para a escolha do novo presidente.<\/span><\/p>\n<p>O vice-presidente permanece sendo o empres\u00e1rio \u00c1lvaro Silveira, por indica\u00e7\u00e3o da Fecom\u00e9rcio-DF. Muniz foi fundador, em 2017, da entidade, que \u00e9 formada por 19 c\u00e2maras t\u00e9cnicas. O grupo \u00e9 constitu\u00eddo por representantes de diversos segmentos do setor produtivo, de entidades setoriais, do meio acad\u00eamico e da sociedade civil.<\/p>\n<p class=\"p1\"><span class=\"s1\"><b>O DF que a gente quer<\/b><\/span><\/p>\n<p class=\"p1\"><span class=\"s1\">Um conjunto de 500 metas, para 2025, foi consolidado no projeto \u201cO DF que a Gente Quer\u201d.\u00a0<\/span>Dessas, 344 est\u00e3o em est\u00e1gio avan\u00e7ado de implementa\u00e7\u00e3o pelo poder p\u00fablico. \u201c82% foram atendidas ou est\u00e3o em andamento, o que mostra a efetividade do nosso trabalho\u201d, aponta Muniz. Entre elas: o fim da Difal, a reforma da W3, funcionamento das delegacias 24h, a redu\u00e7\u00e3o do ICMS do setor de TI e a san\u00e7\u00e3o da Luos.<\/p>\n<p class=\"p1\"><span class=\"s1\"><b>Ibaneis como presidente de honra<\/b><\/span><\/p>\n<p class=\"p1\"><span class=\"s1\">O Codese tem uma atua\u00e7\u00e3o apartid\u00e1ria, mas o governador do DF \u00e9 presidente de honra da entidade. Ibaneis Rocha ser\u00e1 novamente empossado para a pr\u00f3xima gest\u00e3o. Mas nenhum outro integrante do GDF tem cadeira no grupo. \u201cTemos \u00f3tima interlocu\u00e7\u00e3o com o governo local, que tem disposi\u00e7\u00e3o em trabalhar junto com o setor e nos ouvir. Mas somos totalmente independentes\u201d, afirma Muniz. <\/span><\/p>\n<p class=\"p1\"><span class=\"s1\"><b>Eixos de desenvolvimento<\/b><\/span><\/p>\n<p class=\"p1\"><span class=\"s1\">Ele avalia que o legado mais importante desse per\u00edodo foi resgatar o planejamento estrat\u00e9gico do Distrito Federal, ancorado na realiza\u00e7\u00e3o do potencial da regi\u00e3o. Aponta tr\u00eas eixos para a capital se desenvolver: consolidar-se como polo log\u00edstico, investir no turismo e fomentar a ind\u00fastria da tecnologia. \u201cN\u00e3o podemos perder mais tempo. Temos de ser o centro do pa\u00eds na \u00e1rea da tecnologia. O governo federal, por si s\u00f3, j\u00e1 \u00e9 o maior cliente do pa\u00eds desses servi\u00e7os e est\u00e1 sediado aqui\u201d, destaca.<\/span><\/p>\n<p class=\"p1\"><span class=\"s1\"><b>Pauta para candidatos ao Buriti <\/b><\/span><\/p>\n<p class=\"p1\"><span class=\"s1\">Preparar a pr\u00f3xima pauta do Codese para apresentar aos concorrentes ao Pal\u00e1cio do Buriti, no ano que vem, ser\u00e1 a miss\u00e3o do novo presidente do Codese, Leonardo de \u00c1vila. Nas elei\u00e7\u00f5es passadas, a entidade realizou um debate com a presen\u00e7a de nove candidatos e todos assinaram o compromisso de atender as metas do Conselho para o DF. <\/span><\/p>\n","protected":false},"excerpt":{"rendered":"<p>Por Samanta Sallum Depois de dois mandatos presidindo o Conselho de Desenvolvimento Econ\u00f4mico, Sustent\u00e1vel e Estrat\u00e9gico do DF (Codese), o empres\u00e1rio Paulo Muniz passa hoje a gest\u00e3o para Leonardo Oliveira de \u00c1vila. Ambos atuam na constru\u00e7\u00e3o civil. A sucess\u00e3o representa uma continuidade, j\u00e1 que houve consenso para a escolha do novo presidente. O vice-presidente permanece sendo o empres\u00e1rio \u00c1lvaro Silveira, [&hellip;]<\/p>\n","protected":false},"author":125,"featured_media":0,"comment_status":"open","ping_status":"open","sticky":false,"template":"","format":"standard","meta":{"footnotes":""},"categories":[6],"tags":[],"class_list":["post-4424","post","type-post","status-publish","format-standard","hentry","category-coluna-capital-s-a"],"_links":{"self":[{"href":"https:\/\/blogs.correiobraziliense.com.br\/capital-sa\/wp-json\/wp\/v2\/posts\/4424","targetHints":{"allow":["GET"]}}],"collection":[{"href":"https:\/\/blogs.correiobraziliense.com.br\/capital-sa\/wp-json\/wp\/v2\/posts"}],"about":[{"href":"https:\/\/blogs.correiobraziliense.com.br\/capital-sa\/wp-json\/wp\/v2\/types\/post"}],"author":[{"embeddable":true,"href":"https:\/\/blogs.correiobraziliense.com.br\/capital-sa\/wp-json\/wp\/v2\/users\/125"}],"replies":[{"embeddable":true,"href":"https:\/\/blogs.correiobraziliense.com.br\/capital-sa\/wp-json\/wp\/v2\/comments?post=4424"}],"version-history":[{"count":8,"href":"https:\/\/blogs.correiobraziliense.com.br\/capital-sa\/wp-json\/wp\/v2\/posts\/4424\/revisions"}],"predecessor-version":[{"id":4440,"href":"https:\/\/blogs.correiobraziliense.com.br\/capital-sa\/wp-json\/wp\/v2\/posts\/4424\/revisions\/4440"}],"wp:attachment":[{"href":"https:\/\/blogs.correiobraziliense.com.br\/capital-sa\/wp-json\/wp\/v2\/media?parent=4424"}],"wp:term":[{"taxonomy":"category","embeddable":true,"href":"https:\/\/blogs.correiobraziliense.com.br\/capital-sa\/wp-json\/wp\/v2\/categories?post=4424"},{"taxonomy":"post_tag","embeddable":true,"href":"https:\/\/blogs.correiobraziliense.com.br\/capital-sa\/wp-json\/wp\/v2\/tags?post=4424"}],"curies":[{"name":"wp","href":"https:\/\/api.w.org\/{rel}","templated":true}]}}