{"id":4411,"date":"2021-08-16T18:15:01","date_gmt":"2021-08-16T21:15:01","guid":{"rendered":"https:\/\/blogs.correiobraziliense.com.br\/capital-sa\/?p=4411"},"modified":"2021-08-16T19:01:49","modified_gmt":"2021-08-16T22:01:49","slug":"camara-legislativa-suspende-atividades-abertas-ao-publico","status":"publish","type":"post","link":"https:\/\/blogs.correiobraziliense.com.br\/capital-sa\/2021\/08\/16\/camara-legislativa-suspende-atividades-abertas-ao-publico\/","title":{"rendered":"C\u00e2mara Legislativa suspende atividades abertas ao p\u00fablico"},"content":{"rendered":"<p>Por Samanta Sallum<\/p>\n<p class=\"p2\"><span class=\"s1\">Depois de 19 pessoas testarem positivo para Covid na C\u00e2mara Legislativa do DF, a Mesa Diretora da Casa suspendeu a partir de hoje \u00e0 realiza\u00e7\u00e3o de atividades abertas ao p\u00fablico em suas depend\u00eancias por 30 dias, devido ao momento pand\u00eamico.<\/span><\/p>\n<p class=\"p2\">Em decorr\u00eancia, teve de ser adiada a solenidade em comemora\u00e7\u00e3o aos 20 anos do Sindicato do Com\u00e9rcio Atacadista do Distrito Federal (Sindiatacadita\/DF), que aconteceria amanh\u00e3.<\/p>\n<p>Solenidades e audi\u00eancias p\u00fablicas est\u00e3o suspensas e s\u00f3 poder\u00e3o retornar sob an\u00e1lise caso a caso da Mesa Diretora.<\/p>\n<p>Um dos contaminados \u00e9 o deputado Guarda J\u00e2nio (Pros),\u00a055 anos, que segue internado no hospital.<\/p>\n","protected":false},"excerpt":{"rendered":"<p>Por Samanta Sallum Depois de 19 pessoas testarem positivo para Covid na C\u00e2mara Legislativa do DF, a Mesa Diretora da Casa suspendeu a partir de hoje \u00e0 realiza\u00e7\u00e3o de atividades abertas ao p\u00fablico em suas depend\u00eancias por 30 dias, devido ao momento pand\u00eamico. Em decorr\u00eancia, teve de ser adiada a solenidade em comemora\u00e7\u00e3o aos 20 anos do Sindicato do Com\u00e9rcio [&hellip;]<\/p>\n","protected":false},"author":125,"featured_media":0,"comment_status":"open","ping_status":"open","sticky":false,"template":"","format":"standard","meta":{"footnotes":""},"categories":[6],"tags":[],"class_list":["post-4411","post","type-post","status-publish","format-standard","hentry","category-coluna-capital-s-a"],"_links":{"self":[{"href":"https:\/\/blogs.correiobraziliense.com.br\/capital-sa\/wp-json\/wp\/v2\/posts\/4411","targetHints":{"allow":["GET"]}}],"collection":[{"href":"https:\/\/blogs.correiobraziliense.com.br\/capital-sa\/wp-json\/wp\/v2\/posts"}],"about":[{"href":"https:\/\/blogs.correiobraziliense.com.br\/capital-sa\/wp-json\/wp\/v2\/types\/post"}],"author":[{"embeddable":true,"href":"https:\/\/blogs.correiobraziliense.com.br\/capital-sa\/wp-json\/wp\/v2\/users\/125"}],"replies":[{"embeddable":true,"href":"https:\/\/blogs.correiobraziliense.com.br\/capital-sa\/wp-json\/wp\/v2\/comments?post=4411"}],"version-history":[{"count":9,"href":"https:\/\/blogs.correiobraziliense.com.br\/capital-sa\/wp-json\/wp\/v2\/posts\/4411\/revisions"}],"predecessor-version":[{"id":4422,"href":"https:\/\/blogs.correiobraziliense.com.br\/capital-sa\/wp-json\/wp\/v2\/posts\/4411\/revisions\/4422"}],"wp:attachment":[{"href":"https:\/\/blogs.correiobraziliense.com.br\/capital-sa\/wp-json\/wp\/v2\/media?parent=4411"}],"wp:term":[{"taxonomy":"category","embeddable":true,"href":"https:\/\/blogs.correiobraziliense.com.br\/capital-sa\/wp-json\/wp\/v2\/categories?post=4411"},{"taxonomy":"post_tag","embeddable":true,"href":"https:\/\/blogs.correiobraziliense.com.br\/capital-sa\/wp-json\/wp\/v2\/tags?post=4411"}],"curies":[{"name":"wp","href":"https:\/\/api.w.org\/{rel}","templated":true}]}}