{"id":4404,"date":"2021-08-16T11:56:44","date_gmt":"2021-08-16T14:56:44","guid":{"rendered":"https:\/\/blogs.correiobraziliense.com.br\/capital-sa\/?p=4404"},"modified":"2021-09-04T15:29:34","modified_gmt":"2021-09-04T18:29:34","slug":"vale-do-amanhecer-e-indios-do-mt-fornecem-bioingrediente-para-natura","status":"publish","type":"post","link":"https:\/\/blogs.correiobraziliense.com.br\/capital-sa\/2021\/08\/16\/vale-do-amanhecer-e-indios-do-mt-fornecem-bioingrediente-para-natura\/","title":{"rendered":"Vale do Amanhecer e \u00edndios do MT fornecem bioingrediente para Natura"},"content":{"rendered":"<p>Por Samanta Sallum<\/p>\n<p>Cerca de 8 mil fam\u00edlias em 40 comunidades espalhadas pelo Brasil fazem parte da cadeia produtiva da empresa de cosm\u00e9ticos Natura. Na Regi\u00e3o Centro-Oeste, por exemplo, uma parceria de mais de 10 anos, que inclui a Coopavam (Cooperativa dos Agricultores do Vale do Amanhecer) e o grupo ind\u00edgena Cinta Larga, localizada em Aripuan\u00e3, no Mato Grosso, permite o fornecimento da castanha-do-brasil, presente em produtos como o Ekos Castanha.<\/p>\n<p>O Vale do Amanhecer, onde a cooperativa atua, possui a primeira reserva legal comunit\u00e1ria do pa\u00eds e representa um modelo alternativo que, associado ao extrativismo sustent\u00e1vel de castanha-do-brasil, tamb\u00e9m contribui com a conversa\u00e7\u00e3o da floresta em p\u00e9.<\/p>\n<p><b>Atua\u00e7\u00e3o na Amaz\u00f4nia<\/b><\/p>\n<p>Quando lan\u00e7ou a marca Ekos, no ano 2000, a Natura passou a utilizar ativos da biodiversidade brasileira em seus cosm\u00e9ticos. Em 2011, lan\u00e7ou o Programa Natura Amaz\u00f4nia (PAM). A modelo Gisele B\u00fcndchen, engajada nas causas ambientais, participa das campanhas de divulga\u00e7\u00e3o do projeto.<\/p>\n<p><b>Biocom\u00e9rcio<\/b><\/p>\n<p>A Ekos conquistou o selo da Uni\u00e3o de Biocom\u00e9rcio \u00c9tico (UEBT \u2013 Union for Ethical BioTrade), que certifica boas pr\u00e1ticas na cadeia produtiva.<br \/>\nDesde 2010, a Natura movimentou mais de R$ 2,1 bilh\u00f5es em volume de neg\u00f3cios na regi\u00e3o. Atualmente, conta com 38 bioingredientes nas formula\u00e7\u00f5es de rosto, nos tratamento de cabelos e na perfumaria. A meta para 2030 \u00e9 chegar a 55 bioativos.<\/p>\n<p><b>Preserva\u00e7\u00e3o da floresta\u00a0<\/b><\/p>\n<p>\u201cA oposi\u00e7\u00e3o entre desenvolvimento econ\u00f4mico e conserva\u00e7\u00e3o da floresta \u00e9 uma falsa dicotomia. Hoje, a perda da biodiversidade \u00e9 uma das grandes amea\u00e7as \u00e0 economia global\u201d, afirma Andrea Alvares, vice-presidente de Inova\u00e7\u00e3o e Sustentabilidade.<\/p>\n<p>Como parte do grupo Natura &amp;Co &#8211; formado por Avon, Natura, The Body Shop e Aesop -, a empresa passa a ter como meta ampliar para 3 milh\u00f5es de hectares a \u00e1rea conservada na Amaz\u00f4nia at\u00e9 2030.<\/p>\n","protected":false},"excerpt":{"rendered":"<p>Por Samanta Sallum Cerca de 8 mil fam\u00edlias em 40 comunidades espalhadas pelo Brasil fazem parte da cadeia produtiva da empresa de cosm\u00e9ticos Natura. Na Regi\u00e3o Centro-Oeste, por exemplo, uma parceria de mais de 10 anos, que inclui a Coopavam (Cooperativa dos Agricultores do Vale do Amanhecer) e o grupo ind\u00edgena Cinta Larga, localizada em Aripuan\u00e3, no Mato Grosso, permite [&hellip;]<\/p>\n","protected":false},"author":125,"featured_media":4861,"comment_status":"open","ping_status":"open","sticky":false,"template":"","format":"standard","meta":{"footnotes":""},"categories":[6],"tags":[],"class_list":["post-4404","post","type-post","status-publish","format-standard","has-post-thumbnail","hentry","category-coluna-capital-s-a"],"_links":{"self":[{"href":"https:\/\/blogs.correiobraziliense.com.br\/capital-sa\/wp-json\/wp\/v2\/posts\/4404","targetHints":{"allow":["GET"]}}],"collection":[{"href":"https:\/\/blogs.correiobraziliense.com.br\/capital-sa\/wp-json\/wp\/v2\/posts"}],"about":[{"href":"https:\/\/blogs.correiobraziliense.com.br\/capital-sa\/wp-json\/wp\/v2\/types\/post"}],"author":[{"embeddable":true,"href":"https:\/\/blogs.correiobraziliense.com.br\/capital-sa\/wp-json\/wp\/v2\/users\/125"}],"replies":[{"embeddable":true,"href":"https:\/\/blogs.correiobraziliense.com.br\/capital-sa\/wp-json\/wp\/v2\/comments?post=4404"}],"version-history":[{"count":3,"href":"https:\/\/blogs.correiobraziliense.com.br\/capital-sa\/wp-json\/wp\/v2\/posts\/4404\/revisions"}],"predecessor-version":[{"id":4407,"href":"https:\/\/blogs.correiobraziliense.com.br\/capital-sa\/wp-json\/wp\/v2\/posts\/4404\/revisions\/4407"}],"wp:featuredmedia":[{"embeddable":true,"href":"https:\/\/blogs.correiobraziliense.com.br\/capital-sa\/wp-json\/wp\/v2\/media\/4861"}],"wp:attachment":[{"href":"https:\/\/blogs.correiobraziliense.com.br\/capital-sa\/wp-json\/wp\/v2\/media?parent=4404"}],"wp:term":[{"taxonomy":"category","embeddable":true,"href":"https:\/\/blogs.correiobraziliense.com.br\/capital-sa\/wp-json\/wp\/v2\/categories?post=4404"},{"taxonomy":"post_tag","embeddable":true,"href":"https:\/\/blogs.correiobraziliense.com.br\/capital-sa\/wp-json\/wp\/v2\/tags?post=4404"}],"curies":[{"name":"wp","href":"https:\/\/api.w.org\/{rel}","templated":true}]}}