{"id":4377,"date":"2021-08-15T17:27:32","date_gmt":"2021-08-15T20:27:32","guid":{"rendered":"https:\/\/blogs.correiobraziliense.com.br\/capital-sa\/?p=4377"},"modified":"2021-08-18T18:16:21","modified_gmt":"2021-08-18T21:16:21","slug":"convite-para-saborear-o-mapa-dos-cafes-2021","status":"publish","type":"post","link":"https:\/\/blogs.correiobraziliense.com.br\/capital-sa\/2021\/08\/15\/convite-para-saborear-o-mapa-dos-cafes-2021\/","title":{"rendered":"Convite para saborear: o mapa dos caf\u00e9s 2021"},"content":{"rendered":"<p><b>Por Samanta Sallum\u00a0<\/b><\/p>\n<p>Foi lan\u00e7ada a segunda edi\u00e7\u00e3o do Mapa Afetivo dos Caf\u00e9s, que apresenta um guia com 60 cafeterias, torrefadoras e fazendas produtoras para brasilienses e turistas conhecerem. Est\u00e3o inclu\u00eddas quatro fazendas produtoras do gr\u00e3o no DF e na Ride, incluindo uma de Cristalina. A apresenta\u00e7\u00e3o foi no Quanto Caf\u00e9, na Asa Norte, com a participa\u00e7\u00e3o de baristas da capital, como Mari Mesquita, no evento \u201cdo Gr\u00e3o \u00e0 X\u00edcara\u201d.<\/p>\n<p><b>Cidade criativa<br \/>\n<\/b><br \/>\nA iniciativa do Instituto Federal de Bras\u00edlia (IFB) se integra \u00e0 Cidade Criativa do Design, valorizando o desenho do Plano Piloto de Bras\u00edlia de Lucio Costa e vai ao encontro de tend\u00eancias urban\u00edsticas, como placemaking, para revitaliza\u00e7\u00e3o de espa\u00e7os p\u00fablicos. A professora Ana Paula Caetano Jacques, da \u00e1rea de gastronomia do IFB, est\u00e1 \u00e0 frente do projeto. Veja abaixo a lista.<\/p>\n<p>Acesse o site www.comidaprapensar.com para mais informa\u00e7\u00f5es!<\/p>\n<p><strong>Asa Norte<\/strong><\/p>\n<ul>\n<li><span style=\"font-family: 'Arial',sans-serif\">Insto Caf\u00e9 Selecionados: CLN 102, BL. D, Loja 02\u00a0@instocafes<\/span><\/li>\n<li><span style=\"font-family: 'Arial',sans-serif\">Antonieta Caf\u00e9: SCLRN 716, BL. F, Loja 47\u00a0@antonietacafe<\/span><\/li>\n<li><span style=\"font-family: 'Arial',sans-serif\">Caf\u00e9s Especiais e Cold Brew: SCRN 704\/705, BL. B, Loja 6<\/span><\/li>\n<li><span style=\"font-family: 'Arial',sans-serif\">Pat\u00f3: CLN 407, BL. B, Loja 17<\/span><\/li>\n<li><span style=\"font-family: 'Arial',sans-serif\">Caf\u00e9 e um Ch\u00earo: SCLN 109, BL. C, Loja 37\u00a0<\/span><\/li>\n<li><span style=\"font-family: 'Arial',sans-serif\">Tib\u00e1 Balc\u00e3o de Caf\u00e9s: CLN 409, no Evolua Mercado @balcaodecafestiba<\/span><\/li>\n<li><span style=\"font-family: 'Arial',sans-serif\">Concreto Coffee Crew: CLN 111, Bl. C, Loja 43 @concretocoffee<\/span><\/li>\n<li><span style=\"font-family: 'Arial',sans-serif\">Casinha Caf\u00e9: CLN 411, BL. D, Loja 41 @casinhacafe<\/span><\/li>\n<li><span style=\"font-family: 'Arial',sans-serif\">Civit\u00e1 Caf\u00e9s Especiais: CLN 213, BL.B Subsolo<\/span><\/li>\n<li><span style=\"font-family: 'Arial',sans-serif\">Caf\u00e9 Cristina: CLN 202 BL. A Loja 45 @cafecristina<\/span><\/li>\n<li><span style=\"font-family: 'Arial',sans-serif\">Salve Caf\u00e9: CLN 116 BL. B Loja 46 @salve_cafe<\/span><\/li>\n<li><span style=\"font-family: 'Arial',sans-serif\">Marilda Caf\u00e9: SCLRN 716 BL. C Loja 57<br \/>\n@marilda_cafe<\/span><\/li>\n<li><span style=\"font-family: 'Arial',sans-serif\">Cast\u00e1lia Artesanal: CLN 102 BL. D Lojas 64\/74<br \/>\n@castaliartesanal<\/span><\/li>\n<li><span style=\"font-family: 'Arial',sans-serif\">Objeto Encontrado: CLN 102 BL. B Loja 56 @objetoencontrado<\/span><\/li>\n<li><span style=\"font-family: 'Arial',sans-serif\">Treze Tipo um Caf\u00e9: 206 Norte BL. A Loja 3 (dentro do Manifesto Coworking)<br \/>\n@trezetipoumcafe<\/span><\/li>\n<li><span style=\"font-family: 'Arial',sans-serif\">Quanto Caf\u00e9: 103 Norte, virado para o Eixinho<\/span><\/li>\n<li><span style=\"font-family: 'Arial',sans-serif\">Los Baristas: CLN 404 BL. C Loja 38\/34 @losbaristas<\/span><\/li>\n<li><span style=\"font-family: 'Arial',sans-serif\">Aha Caf\u00e9s: CLN 204 BL. b Loja 59 @ahacafes<\/span><\/li>\n<li><span style=\"font-family: 'Arial',sans-serif\">Caf\u00e9 Cobog\u00f3: SCRN 704\/705 BL. B Loja 06\u00a0@cafe.cobogo<\/span><\/li>\n<li><span style=\"font-family: 'Arial',sans-serif\">Mo\u00ea Caf\u00e9: SCRN 704\/705 BL. E Loja 56 @moecafes<\/span><\/li>\n<li><span style=\"font-family: 'Arial',sans-serif\">Ernesto Caf\u00e9s Especiais: CLN 108 BL. A Loja 48 @ernestocafesespeciais<\/span><\/li>\n<li><span style=\"font-family: 'Arial',sans-serif\">Rapport Caf\u00e9: CLN 412 BL. C Loja 40 @cafeterranativa<\/span><\/li>\n<li><span style=\"font-family: 'Arial',sans-serif\">Caf\u00e9 Clandestino: CLN 413 BL. D @cafeclandestino<\/span><\/li>\n<li><span style=\"font-family: 'Arial',sans-serif\">The Coffee Hut: CLN 213 Bloco B Loja 20<\/span><\/li>\n<\/ul>\n<p><strong>Asa Sul<\/strong><\/p>\n<ul>\n<li><span style=\"font-family: 'Arial',sans-serif\">Jacket Caf\u00e9: CLS 116, BL. C, Loja 15<\/span><\/li>\n<li><span style=\"font-family: 'Arial',sans-serif\">Black Prime Caf\u00e9: CLS 116, BL. B, Loja 02<\/span><\/li>\n<li><span style=\"font-family: 'Arial',sans-serif\">Dylan Caf\u00e9: 315 Sul, Loja 15<\/span><\/li>\n<li><span style=\"font-family: 'Arial',sans-serif\">Mo\u00ea Caf\u00e9: CLS 305, BL. B, Loja 5<\/span><\/li>\n<li><span style=\"font-family: 'Arial',sans-serif\">Caf\u00e9 das Orqu\u00eddeas: CLS 116, Bloco B<\/span><\/li>\n<li><span style=\"font-family: 'Arial',sans-serif\">Vert Caf\u00e9: CLS 402 (atr\u00e1s do 365 Store)<br \/>\n@vertcafebr<\/span><\/li>\n<li>Minimalize Caf\u00e9: CLS 405 BL. A Loja 22 @minimalizecafe<\/li>\n<li>Jacket Caf\u00e9: CLS 305 BL. B Loja 05 @jacketcafe<\/li>\n<li>Nitrog\u00eanio Caf\u00e9: CLS 106 BL. C Loja 15 @nitrogeniocafe<\/li>\n<li>Pat\u00f3 Cafeteria: 107 Sul BL. C Loja 02\/ CLN 407 BL. B Loja 17 @patoh.cafeteria<\/li>\n<li>Mercado do Caf\u00e9:\u00a0CRS 509 BL. C @mercadodocafe.bsb<\/li>\n<li>Gentil Caf\u00e9: SCLS 410 BL. B Loja 36\u00a0@gentilcafe<\/li>\n<li>Dupla Caf\u00e9s Especiais: CLS 213 BL. A Loja 33 @dupla.cafesespeciais<\/li>\n<li>Belini Caf\u00e9: CLS 114 BL. B Loja 07 @belinicafe<\/li>\n<li>Ernesto Caf\u00e9s Especiais: CLS 115 BL. C Loja 14 @ernestocafesespeciais<\/li>\n<li>Dylan Caf\u00e9 Bakery: CLS 116 BL. B @dylancafebakery<\/li>\n<\/ul>\n<p><strong>Outras localidades<\/strong><\/p>\n<ul>\n<li>Studio Grao Coffee: Shopping ID e 301 do Sudoeste @studiograo.coffee<\/li>\n<li>Ador\u00e1vel Caf\u00e9: Parksyle Mall &#8211; Rua 25 e Quadra 301 Lote 02 \u2013 Ed. Carna\u00fabas \u2013 \u00c1guas Claras @adoravelcafe<\/li>\n<li>112 Caf\u00e9: Rua 8 Norte Lote 07 Loja 02 \u2013 \u00c1guas Claras @cento_e_doze_cafe<\/li>\n<li>Anero Caf\u00e9: SHA Conjunto 4 Ch\u00e1cara 67 Casa 03 \u2013 Arniqueiras<\/li>\n<li>Moka Caf\u00e9: QE 19 Conjunto A Casa 18 \u2013 Guar\u00e1 @mokadocafes<\/li>\n<li>Crioula Caf\u00e9: QI 31 BL. A Loja 25 \u2013 Ed. Florida Center \u2013 Guar\u00e1 II @crioulacafe<\/li>\n<li>Acervo Caf\u00e9: QE 40 Conjunto H Lote 18 \u2013 Guar\u00e1 II @acervocafe<\/li>\n<li>Cafe\u00edna: CLNW 10\/11 BL. \u00a0K Loja 05 \u2013 Noroeste @cafeinaeco<\/li>\n<li>Vila Zete Caf\u00e9: CLNW 10\/11 BL. A Loja 13 \u2013 Noroeste @vilazetecafe<\/li>\n<li>Acorde 27 Caf\u00e9s Especiais: Quadra 3 AE 5 Loja 15 \u2013 Sobradinho @acorde.27<\/li>\n<li>Black Prime Caf\u00e9: SIA Trecho 7 BL. C Loja 15 \u2013 Feira dos Importados. Taguatinga: Carrefour @blackprimecafe<\/li>\n<li>Together Caf\u00e9s Especiais: SHIN \u00c1rea Especial 03 Loja 02 \u2013 Polo Verde \u2013 Lago Norte @togethercafes<\/li>\n<li>Caf\u00e9 Minelis: N\u00facleo Rural Lago Oeste &#8211; Rua 18<\/li>\n<li>Terra Nativa: Rua 11 Ch\u00e1cara 22 &#8211; Lago Oeste<\/li>\n<\/ul>\n","protected":false},"excerpt":{"rendered":"<p>Por Samanta Sallum\u00a0 Foi lan\u00e7ada a segunda edi\u00e7\u00e3o do Mapa Afetivo dos Caf\u00e9s, que apresenta um guia com 60 cafeterias, torrefadoras e fazendas produtoras para brasilienses e turistas conhecerem. Est\u00e3o inclu\u00eddas quatro fazendas produtoras do gr\u00e3o no DF e na Ride, incluindo uma de Cristalina. A apresenta\u00e7\u00e3o foi no Quanto Caf\u00e9, na Asa Norte, com a participa\u00e7\u00e3o de baristas da [&hellip;]<\/p>\n","protected":false},"author":125,"featured_media":4381,"comment_status":"open","ping_status":"open","sticky":false,"template":"","format":"standard","meta":{"footnotes":""},"categories":[6],"tags":[558,559,141,557],"class_list":["post-4377","post","type-post","status-publish","format-standard","has-post-thumbnail","hentry","category-coluna-capital-s-a","tag-cafeterias","tag-dograoaxicarabaristas","tag-evento","tag-mapaafetivocafes2021"],"_links":{"self":[{"href":"https:\/\/blogs.correiobraziliense.com.br\/capital-sa\/wp-json\/wp\/v2\/posts\/4377","targetHints":{"allow":["GET"]}}],"collection":[{"href":"https:\/\/blogs.correiobraziliense.com.br\/capital-sa\/wp-json\/wp\/v2\/posts"}],"about":[{"href":"https:\/\/blogs.correiobraziliense.com.br\/capital-sa\/wp-json\/wp\/v2\/types\/post"}],"author":[{"embeddable":true,"href":"https:\/\/blogs.correiobraziliense.com.br\/capital-sa\/wp-json\/wp\/v2\/users\/125"}],"replies":[{"embeddable":true,"href":"https:\/\/blogs.correiobraziliense.com.br\/capital-sa\/wp-json\/wp\/v2\/comments?post=4377"}],"version-history":[{"count":30,"href":"https:\/\/blogs.correiobraziliense.com.br\/capital-sa\/wp-json\/wp\/v2\/posts\/4377\/revisions"}],"predecessor-version":[{"id":4462,"href":"https:\/\/blogs.correiobraziliense.com.br\/capital-sa\/wp-json\/wp\/v2\/posts\/4377\/revisions\/4462"}],"wp:featuredmedia":[{"embeddable":true,"href":"https:\/\/blogs.correiobraziliense.com.br\/capital-sa\/wp-json\/wp\/v2\/media\/4381"}],"wp:attachment":[{"href":"https:\/\/blogs.correiobraziliense.com.br\/capital-sa\/wp-json\/wp\/v2\/media?parent=4377"}],"wp:term":[{"taxonomy":"category","embeddable":true,"href":"https:\/\/blogs.correiobraziliense.com.br\/capital-sa\/wp-json\/wp\/v2\/categories?post=4377"},{"taxonomy":"post_tag","embeddable":true,"href":"https:\/\/blogs.correiobraziliense.com.br\/capital-sa\/wp-json\/wp\/v2\/tags?post=4377"}],"curies":[{"name":"wp","href":"https:\/\/api.w.org\/{rel}","templated":true}]}}