{"id":4346,"date":"2021-08-13T01:03:12","date_gmt":"2021-08-13T04:03:12","guid":{"rendered":"https:\/\/blogs.correiobraziliense.com.br\/capital-sa\/?p=4346"},"modified":"2021-08-13T01:03:12","modified_gmt":"2021-08-13T04:03:12","slug":"festa-grega-no-sabado","status":"publish","type":"post","link":"https:\/\/blogs.correiobraziliense.com.br\/capital-sa\/2021\/08\/13\/festa-grega-no-sabado\/","title":{"rendered":"Festa grega no s\u00e1bado"},"content":{"rendered":"<p>Por Samanta Sallum<\/p>\n<p>A comunidade grega em Bras\u00edlia, que se formou com o crescimento da capital, organiza h\u00e1 sete anos uma festa t\u00edpica aberta ao p\u00fablico sempre no m\u00eas de agosto. Como no ano passado, ela ser\u00e1 realizada em formato drive thru. Ser\u00e1 no s\u00e1bado,das 11h <a href=\"\/\/3\">\u00e0s 20h<\/a>. V\u00e1rios descendentes gregos se destacam no setor produtivo da cidade, como o empres\u00e1rio Dionyzio Klavdianos, presidente do Sinduscon, que participa ativamente da festa.<\/p>\n<p><b>Encomendas de comida t\u00edpica<br \/>\n<\/b><br \/>\nOs organizadores do evento avisamque as encomendas pelas comidas t\u00edpicas, para retirada na 910 Norte, no dia da festa, j\u00e1 podem ser feitas. O card\u00e1pio e mais informa\u00e7\u00f5es podem ser obtidos pelas redes sociais da comunidade grega. Quem n\u00e3o fizer o pedido antes pode tentar comprar na hora, mas estar\u00e1 sujeito \u00e0 disponibilidade de estoque. Lives com dan\u00e7as e m\u00fasicas tamb\u00e9m est\u00e3o programadas. Mas a tradicional quebra de pratos ficar\u00e1 para o pr\u00f3ximo ano, quando todos esperam que a pandemia tenha passado.<\/p>\n","protected":false},"excerpt":{"rendered":"<p>Por Samanta Sallum A comunidade grega em Bras\u00edlia, que se formou com o crescimento da capital, organiza h\u00e1 sete anos uma festa t\u00edpica aberta ao p\u00fablico sempre no m\u00eas de agosto. Como no ano passado, ela ser\u00e1 realizada em formato drive thru. Ser\u00e1 no s\u00e1bado,das 11h \u00e0s 20h. V\u00e1rios descendentes gregos se destacam no setor produtivo da cidade, como o [&hellip;]<\/p>\n","protected":false},"author":125,"featured_media":4349,"comment_status":"open","ping_status":"open","sticky":false,"template":"","format":"standard","meta":{"footnotes":""},"categories":[6],"tags":[],"class_list":["post-4346","post","type-post","status-publish","format-standard","has-post-thumbnail","hentry","category-coluna-capital-s-a"],"_links":{"self":[{"href":"https:\/\/blogs.correiobraziliense.com.br\/capital-sa\/wp-json\/wp\/v2\/posts\/4346","targetHints":{"allow":["GET"]}}],"collection":[{"href":"https:\/\/blogs.correiobraziliense.com.br\/capital-sa\/wp-json\/wp\/v2\/posts"}],"about":[{"href":"https:\/\/blogs.correiobraziliense.com.br\/capital-sa\/wp-json\/wp\/v2\/types\/post"}],"author":[{"embeddable":true,"href":"https:\/\/blogs.correiobraziliense.com.br\/capital-sa\/wp-json\/wp\/v2\/users\/125"}],"replies":[{"embeddable":true,"href":"https:\/\/blogs.correiobraziliense.com.br\/capital-sa\/wp-json\/wp\/v2\/comments?post=4346"}],"version-history":[{"count":2,"href":"https:\/\/blogs.correiobraziliense.com.br\/capital-sa\/wp-json\/wp\/v2\/posts\/4346\/revisions"}],"predecessor-version":[{"id":4348,"href":"https:\/\/blogs.correiobraziliense.com.br\/capital-sa\/wp-json\/wp\/v2\/posts\/4346\/revisions\/4348"}],"wp:featuredmedia":[{"embeddable":true,"href":"https:\/\/blogs.correiobraziliense.com.br\/capital-sa\/wp-json\/wp\/v2\/media\/4349"}],"wp:attachment":[{"href":"https:\/\/blogs.correiobraziliense.com.br\/capital-sa\/wp-json\/wp\/v2\/media?parent=4346"}],"wp:term":[{"taxonomy":"category","embeddable":true,"href":"https:\/\/blogs.correiobraziliense.com.br\/capital-sa\/wp-json\/wp\/v2\/categories?post=4346"},{"taxonomy":"post_tag","embeddable":true,"href":"https:\/\/blogs.correiobraziliense.com.br\/capital-sa\/wp-json\/wp\/v2\/tags?post=4346"}],"curies":[{"name":"wp","href":"https:\/\/api.w.org\/{rel}","templated":true}]}}