{"id":4335,"date":"2021-08-12T13:59:11","date_gmt":"2021-08-12T16:59:11","guid":{"rendered":"https:\/\/blogs.correiobraziliense.com.br\/capital-sa\/?p=4335"},"modified":"2021-08-12T19:51:59","modified_gmt":"2021-08-12T22:51:59","slug":"reforma-eleitoral-houve-um-retrocesso-diz-ministro-nardes","status":"publish","type":"post","link":"https:\/\/blogs.correiobraziliense.com.br\/capital-sa\/2021\/08\/12\/reforma-eleitoral-houve-um-retrocesso-diz-ministro-nardes\/","title":{"rendered":"Reforma eleitoral: \u201cHouve um retrocesso\u201d, diz ministro Nardes"},"content":{"rendered":"<p>Por Samanta Sallum<\/p>\n<p class=\"p1\"><span class=\"s1\">Em reuni\u00e3o hoje com empres\u00e1rios e pol\u00edticos em Bras\u00edlia, o ministro do TCU Augusto Nardes afirmou que n\u00e3o esteve na pauta o interesse coletivo na reforma eleitoral aprovada ontem na C\u00e2mara, que enterrou o distrit\u00e3o e liberou novamente a livre coliga\u00e7\u00e3o entre os partidos.<\/span><\/p>\n<p class=\"p1\"><span class=\"s1\">\u201cEu acho que vai ser bom para as coliga\u00e7\u00f5es. Mas certamente n\u00e3o vai fortalecer os partidos e n\u00e3o vai ter estabilidade e projetos de interesse coletivo. Acho que houve um retrocesso no sentido de que os partidos fazem negocia\u00e7\u00f5es para interesses eleitorais e n\u00e3o para interesse da na\u00e7\u00e3o. Ou seja, n\u00e3o tem projeto de na\u00e7\u00e3o, n\u00e3o tem projeto de m\u00e9dio a longo prazo. S\u00e3o interesses e conveni\u00eancias de uma elei\u00e7\u00e3o\u201d, disse ao <strong>Correio<\/strong>.<\/span><\/p>\n<p>O ex-presidente do TCU participou de almo\u00e7o como palestrante convidado do Grupo de Lideran\u00e7as Empresariais do DF (Lide). O empres\u00e1rio Paulo Octavio foi o anfitri\u00e3o. Estiveram presentes representantes de todo o setor produtivo, parlamentares e autoridades do GDF e do governo federal.<\/p>\n<p>&nbsp;<\/p>\n<p>&nbsp;<\/p>\n","protected":false},"excerpt":{"rendered":"<p>Por Samanta Sallum Em reuni\u00e3o hoje com empres\u00e1rios e pol\u00edticos em Bras\u00edlia, o ministro do TCU Augusto Nardes afirmou que n\u00e3o esteve na pauta o interesse coletivo na reforma eleitoral aprovada ontem na C\u00e2mara, que enterrou o distrit\u00e3o e liberou novamente a livre coliga\u00e7\u00e3o entre os partidos. \u201cEu acho que vai ser bom para as coliga\u00e7\u00f5es. Mas certamente n\u00e3o vai [&hellip;]<\/p>\n","protected":false},"author":125,"featured_media":4341,"comment_status":"open","ping_status":"open","sticky":false,"template":"","format":"standard","meta":{"footnotes":""},"categories":[6],"tags":[554,116,556,555,445],"class_list":["post-4335","post","type-post","status-publish","format-standard","has-post-thumbnail","hentry","category-coluna-capital-s-a","tag-augustonardes","tag-lide","tag-palestra","tag-reuniao","tag-tcu"],"_links":{"self":[{"href":"https:\/\/blogs.correiobraziliense.com.br\/capital-sa\/wp-json\/wp\/v2\/posts\/4335","targetHints":{"allow":["GET"]}}],"collection":[{"href":"https:\/\/blogs.correiobraziliense.com.br\/capital-sa\/wp-json\/wp\/v2\/posts"}],"about":[{"href":"https:\/\/blogs.correiobraziliense.com.br\/capital-sa\/wp-json\/wp\/v2\/types\/post"}],"author":[{"embeddable":true,"href":"https:\/\/blogs.correiobraziliense.com.br\/capital-sa\/wp-json\/wp\/v2\/users\/125"}],"replies":[{"embeddable":true,"href":"https:\/\/blogs.correiobraziliense.com.br\/capital-sa\/wp-json\/wp\/v2\/comments?post=4335"}],"version-history":[{"count":7,"href":"https:\/\/blogs.correiobraziliense.com.br\/capital-sa\/wp-json\/wp\/v2\/posts\/4335\/revisions"}],"predecessor-version":[{"id":4345,"href":"https:\/\/blogs.correiobraziliense.com.br\/capital-sa\/wp-json\/wp\/v2\/posts\/4335\/revisions\/4345"}],"wp:featuredmedia":[{"embeddable":true,"href":"https:\/\/blogs.correiobraziliense.com.br\/capital-sa\/wp-json\/wp\/v2\/media\/4341"}],"wp:attachment":[{"href":"https:\/\/blogs.correiobraziliense.com.br\/capital-sa\/wp-json\/wp\/v2\/media?parent=4335"}],"wp:term":[{"taxonomy":"category","embeddable":true,"href":"https:\/\/blogs.correiobraziliense.com.br\/capital-sa\/wp-json\/wp\/v2\/categories?post=4335"},{"taxonomy":"post_tag","embeddable":true,"href":"https:\/\/blogs.correiobraziliense.com.br\/capital-sa\/wp-json\/wp\/v2\/tags?post=4335"}],"curies":[{"name":"wp","href":"https:\/\/api.w.org\/{rel}","templated":true}]}}