{"id":4330,"date":"2021-08-11T10:18:13","date_gmt":"2021-08-11T13:18:13","guid":{"rendered":"https:\/\/blogs.correiobraziliense.com.br\/capital-sa\/?p=4330"},"modified":"2021-08-11T10:18:13","modified_gmt":"2021-08-11T13:18:13","slug":"empresarios-arquitetos-e-engenheiros-ja-tinham-denunciado-mau-uso-do-pdaf","status":"publish","type":"post","link":"https:\/\/blogs.correiobraziliense.com.br\/capital-sa\/2021\/08\/11\/empresarios-arquitetos-e-engenheiros-ja-tinham-denunciado-mau-uso-do-pdaf\/","title":{"rendered":"Empres\u00e1rios, arquitetos e engenheiros j\u00e1 tinham denunciado mau uso do Pdaf"},"content":{"rendered":"<p>Por Samanta Sallum<\/p>\n<p>Desde 2017, engenheiros, arquitetos e empres\u00e1rios da constru\u00e7\u00e3o civil vinham chamando a aten\u00e7\u00e3o das autoridades para irregularidades no uso dos recursos do Programa de Descentraliza\u00e7\u00e3o Administrativa e Financeira da Secretaria de Educa\u00e7\u00e3o do DF (Pdaf). Um documento de 117 p\u00e1ginas foi protocolado no Tribunal de Contas do DF apontando \u201cm\u00e1s pr\u00e1ticas e o desvirtuamento do programa\u201d.<\/p>\n<p>A representa\u00e7\u00e3o foi assinada por seis entidades: Conselho Regional de Engenharia e Agronomia, Sindicato da Ind\u00fastria de Constru\u00e7\u00e3o Civil do DF, Conselho de Arquitetura e Urbanismo do DF, Associa\u00e7\u00e3o Brasiliense de Construtores, Sindicato dos Engenheiros do DF e Sindicato dos Trabalhadores da Constru\u00e7\u00e3o e do Mobili\u00e1rio de Bras\u00edlia. Mas o processo ficou parado no TCDF.<\/p>\n<p><strong>Maior gasto em 2021<\/strong><\/p>\n<p>A Pol\u00edcia Civil do Distrito Federal (PCDF) e o Minist\u00e9rio P\u00fablico do DF deflagraram ontem a Opera\u00e7\u00e3o Quadro Negro para apurar o uso irregular de recursos entre os anos de 2018 e 2020. Ind\u00edcios apontaram para poss\u00edvel emiss\u00e3o de notas fiscais frias por empresas integrantes do esquema criminoso, as quais recebiam verbas p\u00fablicas do Pdaf sem fornecer bens ou prestar servi\u00e7os.<\/p>\n<p>Segundo dados obtidos pela coluna, foram gastos pelo Pdaf em 2017 R$ 103 milh\u00f5es; em 2018,\u00a0R$117 milh\u00f5es; 2019,\u00a0R$ 73 milh\u00f5es;\u00a0e em 2020, o recorde, com R$ 156 milh\u00f5es. E a previs\u00e3o para 2021 chega a R$ 240 milh\u00f5es, em grande parte de emendas parlamentares.<\/p>\n<p><strong>Pagamentos acima do teto<\/strong><\/p>\n<p>As entidades denunciaram a forma de aplica\u00e7\u00e3o dos recursos do Pdaf por se sentirem tamb\u00e9m prejudicadas ao suspeitarem que empresas informais e n\u00e3o fiscalizadas devidamente estavam sendo abastecidas com dinheiro p\u00fablico.<\/p>\n<p>A den\u00fancia aponta que n\u00e3o era respeitado o teto de or\u00e7amento definido. Que estavam sendo pagos valores acima do limite e para servi\u00e7os que tamb\u00e9m n\u00e3o constavam previstos nas regras do programa.<\/p>\n","protected":false},"excerpt":{"rendered":"<p>Por Samanta Sallum Desde 2017, engenheiros, arquitetos e empres\u00e1rios da constru\u00e7\u00e3o civil vinham chamando a aten\u00e7\u00e3o das autoridades para irregularidades no uso dos recursos do Programa de Descentraliza\u00e7\u00e3o Administrativa e Financeira da Secretaria de Educa\u00e7\u00e3o do DF (Pdaf). Um documento de 117 p\u00e1ginas foi protocolado no Tribunal de Contas do DF apontando \u201cm\u00e1s pr\u00e1ticas e o desvirtuamento do programa\u201d. A [&hellip;]<\/p>\n","protected":false},"author":125,"featured_media":4333,"comment_status":"open","ping_status":"open","sticky":false,"template":"","format":"standard","meta":{"footnotes":""},"categories":[6],"tags":[],"class_list":["post-4330","post","type-post","status-publish","format-standard","has-post-thumbnail","hentry","category-coluna-capital-s-a"],"_links":{"self":[{"href":"https:\/\/blogs.correiobraziliense.com.br\/capital-sa\/wp-json\/wp\/v2\/posts\/4330","targetHints":{"allow":["GET"]}}],"collection":[{"href":"https:\/\/blogs.correiobraziliense.com.br\/capital-sa\/wp-json\/wp\/v2\/posts"}],"about":[{"href":"https:\/\/blogs.correiobraziliense.com.br\/capital-sa\/wp-json\/wp\/v2\/types\/post"}],"author":[{"embeddable":true,"href":"https:\/\/blogs.correiobraziliense.com.br\/capital-sa\/wp-json\/wp\/v2\/users\/125"}],"replies":[{"embeddable":true,"href":"https:\/\/blogs.correiobraziliense.com.br\/capital-sa\/wp-json\/wp\/v2\/comments?post=4330"}],"version-history":[{"count":3,"href":"https:\/\/blogs.correiobraziliense.com.br\/capital-sa\/wp-json\/wp\/v2\/posts\/4330\/revisions"}],"predecessor-version":[{"id":4334,"href":"https:\/\/blogs.correiobraziliense.com.br\/capital-sa\/wp-json\/wp\/v2\/posts\/4330\/revisions\/4334"}],"wp:featuredmedia":[{"embeddable":true,"href":"https:\/\/blogs.correiobraziliense.com.br\/capital-sa\/wp-json\/wp\/v2\/media\/4333"}],"wp:attachment":[{"href":"https:\/\/blogs.correiobraziliense.com.br\/capital-sa\/wp-json\/wp\/v2\/media?parent=4330"}],"wp:term":[{"taxonomy":"category","embeddable":true,"href":"https:\/\/blogs.correiobraziliense.com.br\/capital-sa\/wp-json\/wp\/v2\/categories?post=4330"},{"taxonomy":"post_tag","embeddable":true,"href":"https:\/\/blogs.correiobraziliense.com.br\/capital-sa\/wp-json\/wp\/v2\/tags?post=4330"}],"curies":[{"name":"wp","href":"https:\/\/api.w.org\/{rel}","templated":true}]}}