{"id":433,"date":"2020-11-04T08:05:11","date_gmt":"2020-11-04T11:05:11","guid":{"rendered":"https:\/\/blogs.correiobraziliense.com.br\/capital-sa\/?p=433"},"modified":"2020-11-03T21:26:43","modified_gmt":"2020-11-04T00:26:43","slug":"bioeconomia-no-foco-da-industria-brasileira","status":"publish","type":"post","link":"https:\/\/blogs.correiobraziliense.com.br\/capital-sa\/2020\/11\/04\/bioeconomia-no-foco-da-industria-brasileira\/","title":{"rendered":"Bioeconomia no foco da ind\u00fastria brasileira"},"content":{"rendered":"<p>Nos pr\u00f3ximos 20 anos, a biotecnologia no setor pode gerar aproximadamente US$ 53 bilh\u00f5es anuais \u00e0 economia brasileira. Esse valor vir\u00e1 de 120 plantas para produ\u00e7\u00e3o de etanol de segunda gera\u00e7\u00e3o e de bioprodutos derivados da celulose.<\/p>\n<p>No entanto, s\u00e3o necess\u00e1rios tamb\u00e9m muitos investimentos no setor. Os dados da Associa\u00e7\u00e3o Brasileira de Bioinova\u00e7\u00e3o (ABBI) mostram um pouco do potencial da bioeconomia, que tem como base a fabrica\u00e7\u00e3o de produtos com recursos da biodiversidade e uso de tecnologia de ponta.<\/p>\n<p>&nbsp;<\/p>\n<h3>CNI organiza f\u00f3rum<\/h3>\n<p>De olho nessas e em outras oportunidades, a Confedera\u00e7\u00e3o Nacional da Ind\u00fastria (CNI) realiza o F\u00f3rum Bioeconomia e a Ind\u00fastria Brasileira, em 26 de novembro.<\/p>\n<p>O evento ser\u00e1 virtual, gratuito e reunir\u00e1 refer\u00eancias nacionais e internacionais no tema.<\/p>\n<p>&nbsp;<\/p>\n<blockquote><p>\u201cPrecisamos aproveitar este momento para construir as bases para avan\u00e7ar, j\u00e1 que \u00e9 um dos pa\u00edses com maior potencial nessa agenda\u201d, afirma o presidente da Confedera\u00e7\u00e3o Nacional da Ind\u00fastria (CNI), <strong>Robson Braga de Andrade<\/strong>.<\/p>\n<figure id=\"attachment_434\" aria-describedby=\"caption-attachment-434\" style=\"width: 300px\" class=\"wp-caption aligncenter\"><img loading=\"lazy\" decoding=\"async\" class=\"size-medium wp-image-434\" src=\"https:\/\/blogs.correiobraziliense.com.br\/capital-sa\/wp-content\/uploads\/sites\/59\/2020\/11\/7688bb26-842a-4e31-8123-d55029f9dcd5-300x274.jpg\" alt=\"\" width=\"300\" height=\"274\" srcset=\"https:\/\/blogs.correiobraziliense.com.br\/capital-sa\/wp-content\/uploads\/sites\/59\/2020\/11\/7688bb26-842a-4e31-8123-d55029f9dcd5-300x274.jpg 300w, https:\/\/blogs.correiobraziliense.com.br\/capital-sa\/wp-content\/uploads\/sites\/59\/2020\/11\/7688bb26-842a-4e31-8123-d55029f9dcd5-768x701.jpg 768w, https:\/\/blogs.correiobraziliense.com.br\/capital-sa\/wp-content\/uploads\/sites\/59\/2020\/11\/7688bb26-842a-4e31-8123-d55029f9dcd5-800x730.jpg 800w, https:\/\/blogs.correiobraziliense.com.br\/capital-sa\/wp-content\/uploads\/sites\/59\/2020\/11\/7688bb26-842a-4e31-8123-d55029f9dcd5-550x502.jpg 550w, https:\/\/blogs.correiobraziliense.com.br\/capital-sa\/wp-content\/uploads\/sites\/59\/2020\/11\/7688bb26-842a-4e31-8123-d55029f9dcd5-230x210.jpg 230w, https:\/\/blogs.correiobraziliense.com.br\/capital-sa\/wp-content\/uploads\/sites\/59\/2020\/11\/7688bb26-842a-4e31-8123-d55029f9dcd5.jpg 932w\" sizes=\"auto, (max-width: 300px) 100vw, 300px\" \/><figcaption id=\"caption-attachment-434\" class=\"wp-caption-text\">Cr\u00e9dito: Iano Andrade<\/figcaption><\/figure><\/blockquote>\n<h3>Os bioinsumos<\/h3>\n<p>Outro setor que promete se beneficiar \u00e9 o de bioinsumos. Segundo estudo recente da Annual Biocontrol Industry Meeting (Abim), o mercado mundial de bioinsumos gira em torno de US$ 5,2 bilh\u00f5es, com taxa de crescimento superior a 15% ao ano.<\/p>\n<p>Para a Am\u00e9rica Latina, a expectativa \u00e9 de que o faturamento do mercado triplique nos pr\u00f3ximos cinco anos e, por ser uma pot\u00eancia agr\u00edcola, o Brasil tem condi\u00e7\u00f5es de abocanhar boa parte dessa receita.<\/p>\n","protected":false},"excerpt":{"rendered":"<p>Nos pr\u00f3ximos 20 anos, a biotecnologia no setor pode gerar aproximadamente US$ 53 bilh\u00f5es anuais \u00e0 economia brasileira. Esse valor vir\u00e1 de 120 plantas para produ\u00e7\u00e3o de etanol de segunda gera\u00e7\u00e3o e de bioprodutos derivados da celulose. No entanto, s\u00e3o necess\u00e1rios tamb\u00e9m muitos investimentos no setor. Os dados da Associa\u00e7\u00e3o Brasileira de Bioinova\u00e7\u00e3o (ABBI) mostram um pouco do potencial da [&hellip;]<\/p>\n","protected":false},"author":125,"featured_media":435,"comment_status":"open","ping_status":"open","sticky":false,"template":"","format":"standard","meta":{"footnotes":""},"categories":[6],"tags":[],"class_list":["post-433","post","type-post","status-publish","format-standard","has-post-thumbnail","hentry","category-coluna-capital-s-a"],"_links":{"self":[{"href":"https:\/\/blogs.correiobraziliense.com.br\/capital-sa\/wp-json\/wp\/v2\/posts\/433","targetHints":{"allow":["GET"]}}],"collection":[{"href":"https:\/\/blogs.correiobraziliense.com.br\/capital-sa\/wp-json\/wp\/v2\/posts"}],"about":[{"href":"https:\/\/blogs.correiobraziliense.com.br\/capital-sa\/wp-json\/wp\/v2\/types\/post"}],"author":[{"embeddable":true,"href":"https:\/\/blogs.correiobraziliense.com.br\/capital-sa\/wp-json\/wp\/v2\/users\/125"}],"replies":[{"embeddable":true,"href":"https:\/\/blogs.correiobraziliense.com.br\/capital-sa\/wp-json\/wp\/v2\/comments?post=433"}],"version-history":[{"count":4,"href":"https:\/\/blogs.correiobraziliense.com.br\/capital-sa\/wp-json\/wp\/v2\/posts\/433\/revisions"}],"predecessor-version":[{"id":443,"href":"https:\/\/blogs.correiobraziliense.com.br\/capital-sa\/wp-json\/wp\/v2\/posts\/433\/revisions\/443"}],"wp:featuredmedia":[{"embeddable":true,"href":"https:\/\/blogs.correiobraziliense.com.br\/capital-sa\/wp-json\/wp\/v2\/media\/435"}],"wp:attachment":[{"href":"https:\/\/blogs.correiobraziliense.com.br\/capital-sa\/wp-json\/wp\/v2\/media?parent=433"}],"wp:term":[{"taxonomy":"category","embeddable":true,"href":"https:\/\/blogs.correiobraziliense.com.br\/capital-sa\/wp-json\/wp\/v2\/categories?post=433"},{"taxonomy":"post_tag","embeddable":true,"href":"https:\/\/blogs.correiobraziliense.com.br\/capital-sa\/wp-json\/wp\/v2\/tags?post=433"}],"curies":[{"name":"wp","href":"https:\/\/api.w.org\/{rel}","templated":true}]}}