{"id":4326,"date":"2021-08-10T17:30:49","date_gmt":"2021-08-10T20:30:49","guid":{"rendered":"https:\/\/blogs.correiobraziliense.com.br\/capital-sa\/?p=4326"},"modified":"2021-08-10T17:30:49","modified_gmt":"2021-08-10T20:30:49","slug":"setor-imobiliario-empresas-vao-quebrar","status":"publish","type":"post","link":"https:\/\/blogs.correiobraziliense.com.br\/capital-sa\/2021\/08\/10\/setor-imobiliario-empresas-vao-quebrar\/","title":{"rendered":"Setor imobili\u00e1rio: &#8220;Empresas v\u00e3o quebrar&#8221;"},"content":{"rendered":"<p>Por Samanta Sallum<\/p>\n<p>Os Sindicatos da Habita\u00e7\u00e3o e as associa\u00e7\u00f5es civis representantes de empresas de administra\u00e7\u00e3o de im\u00f3veis de todo o Brasil enviaram aos congressistas a posi\u00e7\u00e3o do grupo sobre o PL n\u00ba 2.337\/21 (3\u00basubstitutivo), que trata da reforma do Imposto de Renda. As 23 entidades que assinaram o documento, incluindo uma do DF, afirmam que sem os ajustes necess\u00e1rios\u00a0aproposta quebrar\u00e1 diversas empresas.<\/p>\n<p><strong>7% do PIB<\/strong><\/p>\n<p>\u201cO PL est\u00e1 atingindo de morte as empresas do lucro presumido. Elas ter\u00e3o aumento gigantesco de carga tribut\u00e1ria. Apenas em rela\u00e7\u00e3o \u00e0s empresas do setor imobili\u00e1rio, s\u00e3o cerca de 97 atividades econ\u00f4micas que s\u00e3o respons\u00e1veis por 10% dos empregos gerados no pa\u00eds, 9% dos impostos arrecadados e 7% do PIB\u201d, aponta o documento.<\/p>\n<p><strong>Contra o regime de urg\u00eancia<\/strong><\/p>\n<p>O setor pede a manuten\u00e7\u00e3o das regras vigentes do lucro presumido e a n\u00e3o aprova\u00e7\u00e3o em regime de urg\u00eancia do projeto. O presidente do Secovi-DF, Ov\u00eddio Maia, \u00e9 um dos que assinam a carta. A entidade est\u00e1 acompanhando de perto o posicionamento dos parlamentares que formam a bancada do DF no Congresso.<\/p>\n","protected":false},"excerpt":{"rendered":"<p>Por Samanta Sallum Os Sindicatos da Habita\u00e7\u00e3o e as associa\u00e7\u00f5es civis representantes de empresas de administra\u00e7\u00e3o de im\u00f3veis de todo o Brasil enviaram aos congressistas a posi\u00e7\u00e3o do grupo sobre o PL n\u00ba 2.337\/21 (3\u00basubstitutivo), que trata da reforma do Imposto de Renda. As 23 entidades que assinaram o documento, incluindo uma do DF, afirmam que sem os ajustes necess\u00e1rios\u00a0aproposta [&hellip;]<\/p>\n","protected":false},"author":125,"featured_media":0,"comment_status":"open","ping_status":"open","sticky":false,"template":"","format":"standard","meta":{"footnotes":""},"categories":[6],"tags":[],"class_list":["post-4326","post","type-post","status-publish","format-standard","hentry","category-coluna-capital-s-a"],"_links":{"self":[{"href":"https:\/\/blogs.correiobraziliense.com.br\/capital-sa\/wp-json\/wp\/v2\/posts\/4326","targetHints":{"allow":["GET"]}}],"collection":[{"href":"https:\/\/blogs.correiobraziliense.com.br\/capital-sa\/wp-json\/wp\/v2\/posts"}],"about":[{"href":"https:\/\/blogs.correiobraziliense.com.br\/capital-sa\/wp-json\/wp\/v2\/types\/post"}],"author":[{"embeddable":true,"href":"https:\/\/blogs.correiobraziliense.com.br\/capital-sa\/wp-json\/wp\/v2\/users\/125"}],"replies":[{"embeddable":true,"href":"https:\/\/blogs.correiobraziliense.com.br\/capital-sa\/wp-json\/wp\/v2\/comments?post=4326"}],"version-history":[{"count":2,"href":"https:\/\/blogs.correiobraziliense.com.br\/capital-sa\/wp-json\/wp\/v2\/posts\/4326\/revisions"}],"predecessor-version":[{"id":4328,"href":"https:\/\/blogs.correiobraziliense.com.br\/capital-sa\/wp-json\/wp\/v2\/posts\/4326\/revisions\/4328"}],"wp:attachment":[{"href":"https:\/\/blogs.correiobraziliense.com.br\/capital-sa\/wp-json\/wp\/v2\/media?parent=4326"}],"wp:term":[{"taxonomy":"category","embeddable":true,"href":"https:\/\/blogs.correiobraziliense.com.br\/capital-sa\/wp-json\/wp\/v2\/categories?post=4326"},{"taxonomy":"post_tag","embeddable":true,"href":"https:\/\/blogs.correiobraziliense.com.br\/capital-sa\/wp-json\/wp\/v2\/tags?post=4326"}],"curies":[{"name":"wp","href":"https:\/\/api.w.org\/{rel}","templated":true}]}}