{"id":4322,"date":"2021-08-10T15:00:39","date_gmt":"2021-08-10T18:00:39","guid":{"rendered":"https:\/\/blogs.correiobraziliense.com.br\/capital-sa\/?p=4322"},"modified":"2021-08-10T15:00:39","modified_gmt":"2021-08-10T18:00:39","slug":"cnc-se-posiciona-no-congresso","status":"publish","type":"post","link":"https:\/\/blogs.correiobraziliense.com.br\/capital-sa\/2021\/08\/10\/cnc-se-posiciona-no-congresso\/","title":{"rendered":"CNC se posiciona no Congresso"},"content":{"rendered":"<p><strong>Por Samanta Sallum\u00a0<\/strong><\/p>\n<p>A CNC entregou ontem ao relator do Projeto de Lei (PL) n\u00ba 2.337\/2021, deputado federal Celso Sabino (PSDB-PA), o relat\u00f3rio elaborado pelo grupo de trabalho (GT) criado pela entidade para analisar os projetos de reforma tribut\u00e1ria em discuss\u00e3o no Congresso.<strong><br \/>\n<\/strong><br \/>\n<strong>Sugest\u00f5es<\/strong><\/p>\n<p>\u201cNosso prop\u00f3sito \u00e9 colaborar com reflex\u00f5es para que a reforma atenda \u00e0s necessidades de arrecada\u00e7\u00e3o e organiza\u00e7\u00e3o do governo federal sem prejudicar as empresas e seus trabalhadores\u201d, afirma o presidente da CNC, Jos\u00e9 Roberto Tadros, que lidera o GT da entidade.<\/p>\n<p><strong>Setor prejudicado<\/strong><\/p>\n<p>Para Leandro Domingos, vice-presidente da confedera\u00e7\u00e3o, as medidas tribut\u00e1rias apresentadas deveriam focar em simplifica\u00e7\u00e3o e progressividade do sistema: \u201cElas n\u00e3o contemplam a tributa\u00e7\u00e3o em n\u00edveis subnacionais, cujos impactos s\u00e3o diretamente sentidos pelas atividades terci\u00e1rias, e quaisquer medidas de fomento \u00e0 atividade econ\u00f4mica\u201d.<\/p>\n<p>&nbsp;<\/p>\n","protected":false},"excerpt":{"rendered":"<p>Por Samanta Sallum\u00a0 A CNC entregou ontem ao relator do Projeto de Lei (PL) n\u00ba 2.337\/2021, deputado federal Celso Sabino (PSDB-PA), o relat\u00f3rio elaborado pelo grupo de trabalho (GT) criado pela entidade para analisar os projetos de reforma tribut\u00e1ria em discuss\u00e3o no Congresso. Sugest\u00f5es \u201cNosso prop\u00f3sito \u00e9 colaborar com reflex\u00f5es para que a reforma atenda \u00e0s necessidades de arrecada\u00e7\u00e3o e [&hellip;]<\/p>\n","protected":false},"author":125,"featured_media":0,"comment_status":"open","ping_status":"open","sticky":false,"template":"","format":"standard","meta":{"footnotes":""},"categories":[6],"tags":[],"class_list":["post-4322","post","type-post","status-publish","format-standard","hentry","category-coluna-capital-s-a"],"_links":{"self":[{"href":"https:\/\/blogs.correiobraziliense.com.br\/capital-sa\/wp-json\/wp\/v2\/posts\/4322","targetHints":{"allow":["GET"]}}],"collection":[{"href":"https:\/\/blogs.correiobraziliense.com.br\/capital-sa\/wp-json\/wp\/v2\/posts"}],"about":[{"href":"https:\/\/blogs.correiobraziliense.com.br\/capital-sa\/wp-json\/wp\/v2\/types\/post"}],"author":[{"embeddable":true,"href":"https:\/\/blogs.correiobraziliense.com.br\/capital-sa\/wp-json\/wp\/v2\/users\/125"}],"replies":[{"embeddable":true,"href":"https:\/\/blogs.correiobraziliense.com.br\/capital-sa\/wp-json\/wp\/v2\/comments?post=4322"}],"version-history":[{"count":2,"href":"https:\/\/blogs.correiobraziliense.com.br\/capital-sa\/wp-json\/wp\/v2\/posts\/4322\/revisions"}],"predecessor-version":[{"id":4325,"href":"https:\/\/blogs.correiobraziliense.com.br\/capital-sa\/wp-json\/wp\/v2\/posts\/4322\/revisions\/4325"}],"wp:attachment":[{"href":"https:\/\/blogs.correiobraziliense.com.br\/capital-sa\/wp-json\/wp\/v2\/media?parent=4322"}],"wp:term":[{"taxonomy":"category","embeddable":true,"href":"https:\/\/blogs.correiobraziliense.com.br\/capital-sa\/wp-json\/wp\/v2\/categories?post=4322"},{"taxonomy":"post_tag","embeddable":true,"href":"https:\/\/blogs.correiobraziliense.com.br\/capital-sa\/wp-json\/wp\/v2\/tags?post=4322"}],"curies":[{"name":"wp","href":"https:\/\/api.w.org\/{rel}","templated":true}]}}