{"id":4290,"date":"2021-08-06T11:24:24","date_gmt":"2021-08-06T14:24:24","guid":{"rendered":"https:\/\/blogs.correiobraziliense.com.br\/capital-sa\/?p=4290"},"modified":"2021-08-06T11:31:08","modified_gmt":"2021-08-06T14:31:08","slug":"reforma-aumentara-sonegacao-diz-cnc","status":"publish","type":"post","link":"https:\/\/blogs.correiobraziliense.com.br\/capital-sa\/2021\/08\/06\/reforma-aumentara-sonegacao-diz-cnc\/","title":{"rendered":"Reforma aumentar\u00e1 sonega\u00e7\u00e3o, diz CNC"},"content":{"rendered":"<p><b>Por Samanta Sallum\u00a0<\/b><\/p>\n<p>Apresentado ao Congresso em 25 de junho, o PL n\u00ba 2.337\/21 (segunda fase da reforma tribut\u00e1ria de autoria do Poder Executivo) visa alterar a legisla\u00e7\u00e3o do Imposto de Renda da pessoa f\u00edsica, da pessoa jur\u00eddica e dos investimentos financeiros. A Confedera\u00e7\u00e3o Nacional do Com\u00e9rcio, Bens e Servi\u00e7os (CNC) se posicionou com cr\u00edtica contundente \u00e0 atual proposta. Prev\u00ea que a eleva\u00e7\u00e3o da carga tribut\u00e1ria vai provocar sonega\u00e7\u00e3o.<\/p>\n<p><strong>Complexidade<\/strong><\/p>\n<p>\u201cO foco deveria ser aumentar a base de contribuintes ao fomentar a formaliza\u00e7\u00e3o das atividades, o que certamente n\u00e3o ocorrer\u00e1 por meio de uma reforma dotada de complexidade e majora\u00e7\u00e3o dos tributos\u201d, aponta a entidade em documento entregue a parlamentares.<\/p>\n<p><strong>Aumento dos gastos p\u00fablicos<br \/>\n<\/strong><br \/>\nSegundo a CNC, o incremento significativo da carga tribut\u00e1ria provocar\u00e1 forte impacto sobre o setor de servi\u00e7os, respons\u00e1vel por 70% do PIB. \u201cAs altera\u00e7\u00f5es n\u00e3o contemplam quaisquer medidas de fomento \u00e0 atividade econ\u00f4mica.<br \/>\nSem a reforma administrativa, resultar\u00e1 em eleva\u00e7\u00e3o dos gastos p\u00fablicos no momento seguinte\u201d, destaca documento com uma s\u00e9rie de sugest\u00f5es para o projeto.<\/p>\n<ul class=\"ul1\">\n<li class=\"li2\"><span class=\"s1\">IRPF, permitir o retorno da declara\u00e7\u00e3o simplificada. Aplicar a corre\u00e7\u00e3o integral da tabela do IRPF em 115% &#8211; infla\u00e7\u00e3o do per\u00edodo, bem como para as dedu\u00e7\u00f5es com dependentes e instru\u00e7\u00e3o.<\/span><\/li>\n<li class=\"li2\"><span class=\"s1\">Garantir a isen\u00e7\u00e3o de R$ 20.000 para todo tipo de empresa.<\/span><\/li>\n<li class=\"li2\"><span class=\"s1\">Minimamente, equiparar a tributa\u00e7\u00e3o dos lucros \u00e0 tributa\u00e7\u00e3o do capital \u00e0 al\u00edquo- ta de 15%.<\/span><\/li>\n<li class=\"li2\"><span class=\"s1\">Nos JCP, vedar a tributa\u00e7\u00e3o de 30% sobre lucro distribu\u00eddo sem apura\u00e7\u00e3o em es- critura\u00e7\u00e3o completa, porque tributo n\u00e3o pode ser utilizado como puni\u00e7\u00e3o. Para isso, temos as multas.<\/span><\/li>\n<li class=\"li2\"><span class=\"s1\">Garantir que os lucros anteriores a 2021 e os JCP quando pagos posteriormente n\u00e3o sejam tributados; assegurar a irretroatividade constitucional; e evitar poste- riores lit\u00edgios com discuss\u00f5es sobre a constitucionalidade de tal fato.<\/span><\/li>\n<li class=\"li2\"><span class=\"s1\">Isen\u00e7\u00e3o para a distribui\u00e7\u00e3o de lucros de microempresas.<\/span><\/li>\n<li class=\"li2\"><span class=\"s1\">Retirar a obrigatoriedade de escritura\u00e7\u00e3o para a MPE para fins de distribui\u00e7\u00e3o de lucro, pois isso aumenta a complexidade.<\/span><\/li>\n<li class=\"li2\"><span class=\"s1\">Reduzir a al\u00edquota proposta para o IRF sobre lucros e dividendos de 20% para 10%, o que estimular\u00e1 os investimentos produtivos em rela\u00e7\u00e3o aos ganhos do mercado financeiro, cuja proposta de al\u00edquota \u00e9 de 15%.<\/span><\/li>\n<li class=\"li2\"><span class=\"s1\">Reduzir a al\u00edquota do IRPJ de 15% para 5%, que, com a al\u00edquota adicional de 10%, ficar\u00e1 em 15%.<\/span><\/li>\n<li class=\"li2\"><span class=\"s1\">Manter integralmente a dedutibilidade dos Juros sobre Capital Pr\u00f3prio, para esti- mular a capitaliza\u00e7\u00e3o e solidez financeira e econ\u00f4mica das empresas.<\/span><\/li>\n<li class=\"li2\"><span class=\"s1\">Eliminar a incid\u00eancia do IRF sobre lucros e dividendos distribu\u00eddos entre empre- sas, independentemente de elas pertencerem ao mesmo grupo econ\u00f4mico, e por empresas optantes do Simples Nacional (Lei Complementar no 123\/2006).<\/span><\/li>\n<li class=\"li2\"><span class=\"s1\">Delimitar a tributa\u00e7\u00e3o do IRF sobre lucros e dividendos gerados a partir do pri- meiro dia do ano civil seguinte ao da publica\u00e7\u00e3o da lei que a instituiu (2022).<\/span><\/li>\n<li class=\"li2\"><span class=\"s1\">Para as empresas optantes pelo Lucro Presumido, quando n\u00e3o possu\u00edrem es- critura\u00e7\u00e3o cont\u00e1bil, estabelecer a incid\u00eancia de IRF sobre lucros e dividendos distribu\u00eddos apurados pela diferen\u00e7a entre o Lucro Presumido e os tributos inci- dentes (IRPJ\/CSLL).<\/span><\/li>\n<li class=\"li2\"><span class=\"s1\">Permitir a dedutibilidade, na apura\u00e7\u00e3o do Lucro Real, dos mesmos disp\u00eandios permitidos na apura\u00e7\u00e3o da Base de C\u00e1lculo da CSLL.<\/span><\/li>\n<li class=\"li2\"><span class=\"s1\">N\u00e3o restringir novas atividades econ\u00f4micas \u00e0 op\u00e7\u00e3o pelo Lucro Presumido.<\/span><\/li>\n<\/ul>\n<p>&nbsp;<\/p>\n","protected":false},"excerpt":{"rendered":"<p>Por Samanta Sallum\u00a0 Apresentado ao Congresso em 25 de junho, o PL n\u00ba 2.337\/21 (segunda fase da reforma tribut\u00e1ria de autoria do Poder Executivo) visa alterar a legisla\u00e7\u00e3o do Imposto de Renda da pessoa f\u00edsica, da pessoa jur\u00eddica e dos investimentos financeiros. A Confedera\u00e7\u00e3o Nacional do Com\u00e9rcio, Bens e Servi\u00e7os (CNC) se posicionou com cr\u00edtica contundente \u00e0 atual proposta. Prev\u00ea [&hellip;]<\/p>\n","protected":false},"author":125,"featured_media":4293,"comment_status":"open","ping_status":"open","sticky":false,"template":"","format":"standard","meta":{"footnotes":""},"categories":[6],"tags":[],"class_list":["post-4290","post","type-post","status-publish","format-standard","has-post-thumbnail","hentry","category-coluna-capital-s-a"],"_links":{"self":[{"href":"https:\/\/blogs.correiobraziliense.com.br\/capital-sa\/wp-json\/wp\/v2\/posts\/4290","targetHints":{"allow":["GET"]}}],"collection":[{"href":"https:\/\/blogs.correiobraziliense.com.br\/capital-sa\/wp-json\/wp\/v2\/posts"}],"about":[{"href":"https:\/\/blogs.correiobraziliense.com.br\/capital-sa\/wp-json\/wp\/v2\/types\/post"}],"author":[{"embeddable":true,"href":"https:\/\/blogs.correiobraziliense.com.br\/capital-sa\/wp-json\/wp\/v2\/users\/125"}],"replies":[{"embeddable":true,"href":"https:\/\/blogs.correiobraziliense.com.br\/capital-sa\/wp-json\/wp\/v2\/comments?post=4290"}],"version-history":[{"count":3,"href":"https:\/\/blogs.correiobraziliense.com.br\/capital-sa\/wp-json\/wp\/v2\/posts\/4290\/revisions"}],"predecessor-version":[{"id":4294,"href":"https:\/\/blogs.correiobraziliense.com.br\/capital-sa\/wp-json\/wp\/v2\/posts\/4290\/revisions\/4294"}],"wp:featuredmedia":[{"embeddable":true,"href":"https:\/\/blogs.correiobraziliense.com.br\/capital-sa\/wp-json\/wp\/v2\/media\/4293"}],"wp:attachment":[{"href":"https:\/\/blogs.correiobraziliense.com.br\/capital-sa\/wp-json\/wp\/v2\/media?parent=4290"}],"wp:term":[{"taxonomy":"category","embeddable":true,"href":"https:\/\/blogs.correiobraziliense.com.br\/capital-sa\/wp-json\/wp\/v2\/categories?post=4290"},{"taxonomy":"post_tag","embeddable":true,"href":"https:\/\/blogs.correiobraziliense.com.br\/capital-sa\/wp-json\/wp\/v2\/tags?post=4290"}],"curies":[{"name":"wp","href":"https:\/\/api.w.org\/{rel}","templated":true}]}}