{"id":4262,"date":"2021-08-04T10:28:14","date_gmt":"2021-08-04T13:28:14","guid":{"rendered":"https:\/\/blogs.correiobraziliense.com.br\/capital-sa\/?p=4262"},"modified":"2021-08-04T10:31:29","modified_gmt":"2021-08-04T13:31:29","slug":"liminar-suspende-atividade-do-brooklyn-na-asa-norte","status":"publish","type":"post","link":"https:\/\/blogs.correiobraziliense.com.br\/capital-sa\/2021\/08\/04\/liminar-suspende-atividade-do-brooklyn-na-asa-norte\/","title":{"rendered":"Liminar suspende atividade do Brooklyn na Asa Norte"},"content":{"rendered":"<p>Por Samanta Sallum<\/p>\n<p>O Brooklyn Store Caf\u00e9 Bar, na 706 Norte, era refer\u00eancia de empreendedorismo dentro do que se chama de economia criativa desde dezembro de 2019. Em pouco tempo, teve grande reconhecimento e aceita\u00e7\u00e3o do p\u00fablico. Mas uma liminar judicial obrigou agora a casa a suspender as opera\u00e7\u00f5es, pelo menos por enquanto, deixando \u00f3rf\u00e3os os frequentadores ass\u00edduos.<\/p>\n<p>Com foco na cultura, m\u00fasica, arte e gastronomia, era palco para mais de 30 marcas de pequenos empreendedores locais com a loja colaborativa. Ponto de encontro para artistas de diversas \u00e1reas, como m\u00fasicos, pintores, designers, arquitetos e muralistas.<\/p>\n<p>O Caf\u00e9 Bar revitalizou o beco entre os blocos C e D, que, antes, era abandonado, escuro, cheio de lixo e local comum para consumo de drogas. Investiu em ilumina\u00e7\u00e3o, revitalizou a cal\u00e7ada, a fachada do pr\u00e9dio, colocou c\u00e2meras de seguran\u00e7a e disponibilizou cont\u00eainer de lixo para a comunidade. Mas algumas atividades incomodaram um dos vizinhos comerciais que alegou transtorno causado por barulho.<\/p>\n<p>\u201cA gente sempre esteve \u00e0 disposi\u00e7\u00e3o para o di\u00e1logo. Mudamos o hor\u00e1rio de todas as nossas atra\u00e7\u00f5es para n\u00e3o coincidir com as atividades do outro estabelecimento que entrou com a a\u00e7\u00e3o. Lamentamos muito e estamos buscando ainda reverter isso. \u00c9 um espa\u00e7o que a comunidade j\u00e1 tinha abra\u00e7ado e que estava virando refer\u00eancia na cidade\u201d, conta Chicco Aquino, um dos s\u00f3cios do Brooklyn.<\/p>\n","protected":false},"excerpt":{"rendered":"<p>Por Samanta Sallum O Brooklyn Store Caf\u00e9 Bar, na 706 Norte, era refer\u00eancia de empreendedorismo dentro do que se chama de economia criativa desde dezembro de 2019. Em pouco tempo, teve grande reconhecimento e aceita\u00e7\u00e3o do p\u00fablico. Mas uma liminar judicial obrigou agora a casa a suspender as opera\u00e7\u00f5es, pelo menos por enquanto, deixando \u00f3rf\u00e3os os frequentadores ass\u00edduos. Com foco [&hellip;]<\/p>\n","protected":false},"author":125,"featured_media":4269,"comment_status":"open","ping_status":"open","sticky":false,"template":"","format":"standard","meta":{"footnotes":""},"categories":[6],"tags":[],"class_list":["post-4262","post","type-post","status-publish","format-standard","has-post-thumbnail","hentry","category-coluna-capital-s-a"],"_links":{"self":[{"href":"https:\/\/blogs.correiobraziliense.com.br\/capital-sa\/wp-json\/wp\/v2\/posts\/4262","targetHints":{"allow":["GET"]}}],"collection":[{"href":"https:\/\/blogs.correiobraziliense.com.br\/capital-sa\/wp-json\/wp\/v2\/posts"}],"about":[{"href":"https:\/\/blogs.correiobraziliense.com.br\/capital-sa\/wp-json\/wp\/v2\/types\/post"}],"author":[{"embeddable":true,"href":"https:\/\/blogs.correiobraziliense.com.br\/capital-sa\/wp-json\/wp\/v2\/users\/125"}],"replies":[{"embeddable":true,"href":"https:\/\/blogs.correiobraziliense.com.br\/capital-sa\/wp-json\/wp\/v2\/comments?post=4262"}],"version-history":[{"count":5,"href":"https:\/\/blogs.correiobraziliense.com.br\/capital-sa\/wp-json\/wp\/v2\/posts\/4262\/revisions"}],"predecessor-version":[{"id":4267,"href":"https:\/\/blogs.correiobraziliense.com.br\/capital-sa\/wp-json\/wp\/v2\/posts\/4262\/revisions\/4267"}],"wp:featuredmedia":[{"embeddable":true,"href":"https:\/\/blogs.correiobraziliense.com.br\/capital-sa\/wp-json\/wp\/v2\/media\/4269"}],"wp:attachment":[{"href":"https:\/\/blogs.correiobraziliense.com.br\/capital-sa\/wp-json\/wp\/v2\/media?parent=4262"}],"wp:term":[{"taxonomy":"category","embeddable":true,"href":"https:\/\/blogs.correiobraziliense.com.br\/capital-sa\/wp-json\/wp\/v2\/categories?post=4262"},{"taxonomy":"post_tag","embeddable":true,"href":"https:\/\/blogs.correiobraziliense.com.br\/capital-sa\/wp-json\/wp\/v2\/tags?post=4262"}],"curies":[{"name":"wp","href":"https:\/\/api.w.org\/{rel}","templated":true}]}}