{"id":4190,"date":"2021-07-28T16:35:05","date_gmt":"2021-07-28T19:35:05","guid":{"rendered":"https:\/\/blogs.correiobraziliense.com.br\/capital-sa\/?p=4190"},"modified":"2021-07-28T16:35:05","modified_gmt":"2021-07-28T19:35:05","slug":"comerciantes-ja-preparam-estoques-para-o-natal","status":"publish","type":"post","link":"https:\/\/blogs.correiobraziliense.com.br\/capital-sa\/2021\/07\/28\/comerciantes-ja-preparam-estoques-para-o-natal\/","title":{"rendered":"Comerciantes j\u00e1  preparam estoques para o Natal"},"content":{"rendered":"<p>Com o avan\u00e7o da vacina\u00e7\u00e3o, o com\u00e9rcio est\u00e1 otimista em rela\u00e7\u00e3o \u00e0s vendas para o fim de ano no DF. H\u00e1 setores que estimam alta de 6%, contra 2% do \u00faltimo Natal. Muitos lojistas j\u00e1 fazem estoques para os dois \u00faltimos meses de 2021.<\/p>\n<p><strong>Otimismo<\/strong><\/p>\n<p>A diretoria do Sindicato do Com\u00e9rcio Varejista se reunir\u00e1 amanh\u00e3 para analisar as expectativas de 30 mil lojas de shoppings e entrequadras. O presidente do Sindivarejista, Edson de Castro, est\u00e1 otimista. \u201cAcreditamos que o pior da pandemia passou. Ap\u00f3s 18 meses do in\u00edcio da covid-19 no Brasil, tem-se, hoje, uma maior conscientiza\u00e7\u00e3o. N\u00e3o ser\u00e1 surpresa se as vendas subirem mais de 8%, principalmente nos segmentos de roupas, cal\u00e7ados e brinquedos.\u201d<\/p>\n<p><strong>Mais dinheiro<\/strong><\/p>\n<p>O pagamento do 13\u00ba sal\u00e1rio injetou R$ 6,6 bilh\u00f5es na economia do DF, ante R$ 7,6 bilh\u00f5es no Natal de 2019. Agora, a expectativa \u00e9 de que passe de R$ 7,2 bilh\u00f5es.<\/p>\n","protected":false},"excerpt":{"rendered":"<p>Com o avan\u00e7o da vacina\u00e7\u00e3o, o com\u00e9rcio est\u00e1 otimista em rela\u00e7\u00e3o \u00e0s vendas para o fim de ano no DF. H\u00e1 setores que estimam alta de 6%, contra 2% do \u00faltimo Natal. Muitos lojistas j\u00e1 fazem estoques para os dois \u00faltimos meses de 2021. Otimismo A diretoria do Sindicato do Com\u00e9rcio Varejista se reunir\u00e1 amanh\u00e3 para analisar as expectativas de [&hellip;]<\/p>\n","protected":false},"author":125,"featured_media":4193,"comment_status":"open","ping_status":"open","sticky":false,"template":"","format":"standard","meta":{"footnotes":""},"categories":[6],"tags":[],"class_list":["post-4190","post","type-post","status-publish","format-standard","has-post-thumbnail","hentry","category-coluna-capital-s-a"],"_links":{"self":[{"href":"https:\/\/blogs.correiobraziliense.com.br\/capital-sa\/wp-json\/wp\/v2\/posts\/4190","targetHints":{"allow":["GET"]}}],"collection":[{"href":"https:\/\/blogs.correiobraziliense.com.br\/capital-sa\/wp-json\/wp\/v2\/posts"}],"about":[{"href":"https:\/\/blogs.correiobraziliense.com.br\/capital-sa\/wp-json\/wp\/v2\/types\/post"}],"author":[{"embeddable":true,"href":"https:\/\/blogs.correiobraziliense.com.br\/capital-sa\/wp-json\/wp\/v2\/users\/125"}],"replies":[{"embeddable":true,"href":"https:\/\/blogs.correiobraziliense.com.br\/capital-sa\/wp-json\/wp\/v2\/comments?post=4190"}],"version-history":[{"count":2,"href":"https:\/\/blogs.correiobraziliense.com.br\/capital-sa\/wp-json\/wp\/v2\/posts\/4190\/revisions"}],"predecessor-version":[{"id":4192,"href":"https:\/\/blogs.correiobraziliense.com.br\/capital-sa\/wp-json\/wp\/v2\/posts\/4190\/revisions\/4192"}],"wp:featuredmedia":[{"embeddable":true,"href":"https:\/\/blogs.correiobraziliense.com.br\/capital-sa\/wp-json\/wp\/v2\/media\/4193"}],"wp:attachment":[{"href":"https:\/\/blogs.correiobraziliense.com.br\/capital-sa\/wp-json\/wp\/v2\/media?parent=4190"}],"wp:term":[{"taxonomy":"category","embeddable":true,"href":"https:\/\/blogs.correiobraziliense.com.br\/capital-sa\/wp-json\/wp\/v2\/categories?post=4190"},{"taxonomy":"post_tag","embeddable":true,"href":"https:\/\/blogs.correiobraziliense.com.br\/capital-sa\/wp-json\/wp\/v2\/tags?post=4190"}],"curies":[{"name":"wp","href":"https:\/\/api.w.org\/{rel}","templated":true}]}}