{"id":4133,"date":"2021-07-22T14:27:05","date_gmt":"2021-07-22T17:27:05","guid":{"rendered":"https:\/\/blogs.correiobraziliense.com.br\/capital-sa\/?p=4133"},"modified":"2021-07-22T14:27:18","modified_gmt":"2021-07-22T17:27:18","slug":"redes-sociais-mudaram-consumo-de-roupas-femininas","status":"publish","type":"post","link":"https:\/\/blogs.correiobraziliense.com.br\/capital-sa\/2021\/07\/22\/redes-sociais-mudaram-consumo-de-roupas-femininas\/","title":{"rendered":"Redes sociais mudaram consumo de roupas femininas"},"content":{"rendered":"<p><b>Por Samanta Sallum <\/b><\/p>\n<p>Em julho, a marca brasiliense de moda feminina Visage celebra 26 anos, e no mesmo ponto comercial, a 309 Sul. Ao longo dessa trajet\u00f3ria, ganhou s\u00f3cias novas e passou por muitas transforma\u00e7\u00f5es. \u00c9 case de remodelagem de neg\u00f3cios, quando resolveu apostar em pre\u00e7os mais acess\u00edveis. A revolu\u00e7\u00e3o de comportamento causada pelas redes sociais foi a propulsora dessa guinada.<\/p>\n<p><strong>Look para postar<\/strong><\/p>\n<p>Desde 2017, com a crise econ\u00f4mica que o Brasil atravessava, as s\u00f3cias, Cristiane Oliveira e Luciana Alencar, ficaram sens\u00edveis \u00e0s mudan\u00e7as. Perceberam que o comportamento de compra da mulher seria outro.<br \/>\n\u201cElas n\u00e3o queriam mais comprar uma blusa de seda pura de R$ 800, que era uma pe\u00e7a que duraria para sempre, porque, com a internet e o Instagram, as pessoas querem comprar uma roupa para postar e n\u00e3o querem repetir mais\u201d, conta Cristiane.<\/p>\n<p><img loading=\"lazy\" decoding=\"async\" class=\"aligncenter size-medium wp-image-4141\" src=\"https:\/\/blogs.correiobraziliense.com.br\/capital-sa\/wp-content\/uploads\/sites\/59\/2021\/07\/A025F77E-BF42-4480-8D3B-D5AC4DACAF7E-220x300.jpeg\" alt=\"\" width=\"220\" height=\"300\" \/><\/p>\n<p><strong>Diversidade de estilos<\/strong><br \/>\nQuando veio a pandemia, a marca j\u00e1 tinha forte presen\u00e7a no meio digital. \u201cCome\u00e7amos a contratar modelos, inclusive respeitando a quest\u00e3o da diversidade, valorizando todos os tipos de pele e corpos. E somos muito elogiadas por isso\u201d, conta a empres\u00e1ria. Os vestidos, as saias e as cal\u00e7as da Visage s\u00e3o sucesso entre as brasilienses e vestem, tamb\u00e9m, muitas executivas e esposas de autoridades. As promo\u00e7\u00f5es pontuais de R$ 199 e R$ 59,90 causam frisson e fila na porta.<\/p>\n<p><strong>Delivery<\/strong><br \/>\nNas primeiras semanas de pandemia, as empres\u00e1rias contrataram uma empresa de entrega e passaram a fazer tudo. \u201cO WhatsApp hoje \u00e9 a consequ\u00eancia do Instagram. Foi poss\u00edvel manter as vendas gra\u00e7as a isso, neste per\u00edodo, at\u00e9 podermos realmente abrir as portas de novo\u201d, diz Cristiane.<\/p>\n<p><strong>Conselho de empreendedora<\/strong><br \/>\n\u201cN\u00e3o desista se sua ideia faz sentido dentro do mercado em que voc\u00ea atua. Trabalhe, entre erros e acertos. Em algum momento, voc\u00ea vai acertar. Mas nem sempre acertamos na primeira, ent\u00e3o, n\u00e3o desista nunca.\u201d<\/p>\n<p><em>\u201cIn\u00fameras fam\u00edlias dependem do nosso trabalho. Eu sou brasiliense, e investir na cidade em que nasci \u00e9 muito importante para mim.\u201d<\/em><\/p>\n<p><img loading=\"lazy\" decoding=\"async\" class=\"aligncenter size-medium wp-image-4142\" src=\"https:\/\/blogs.correiobraziliense.com.br\/capital-sa\/wp-content\/uploads\/sites\/59\/2021\/07\/7BE10CB3-C89B-4D06-92F4-280A75A02968-261x300.jpeg\" alt=\"\" width=\"261\" height=\"300\" \/><\/p>\n<p>&nbsp;<\/p>\n<p>&nbsp;<\/p>\n<p>&nbsp;<\/p>\n","protected":false},"excerpt":{"rendered":"<p>Por Samanta Sallum Em julho, a marca brasiliense de moda feminina Visage celebra 26 anos, e no mesmo ponto comercial, a 309 Sul. Ao longo dessa trajet\u00f3ria, ganhou s\u00f3cias novas e passou por muitas transforma\u00e7\u00f5es. \u00c9 case de remodelagem de neg\u00f3cios, quando resolveu apostar em pre\u00e7os mais acess\u00edveis. A revolu\u00e7\u00e3o de comportamento causada pelas redes sociais foi a propulsora dessa [&hellip;]<\/p>\n","protected":false},"author":125,"featured_media":4140,"comment_status":"open","ping_status":"open","sticky":false,"template":"","format":"standard","meta":{"footnotes":""},"categories":[6],"tags":[],"class_list":["post-4133","post","type-post","status-publish","format-standard","has-post-thumbnail","hentry","category-coluna-capital-s-a"],"_links":{"self":[{"href":"https:\/\/blogs.correiobraziliense.com.br\/capital-sa\/wp-json\/wp\/v2\/posts\/4133","targetHints":{"allow":["GET"]}}],"collection":[{"href":"https:\/\/blogs.correiobraziliense.com.br\/capital-sa\/wp-json\/wp\/v2\/posts"}],"about":[{"href":"https:\/\/blogs.correiobraziliense.com.br\/capital-sa\/wp-json\/wp\/v2\/types\/post"}],"author":[{"embeddable":true,"href":"https:\/\/blogs.correiobraziliense.com.br\/capital-sa\/wp-json\/wp\/v2\/users\/125"}],"replies":[{"embeddable":true,"href":"https:\/\/blogs.correiobraziliense.com.br\/capital-sa\/wp-json\/wp\/v2\/comments?post=4133"}],"version-history":[{"count":7,"href":"https:\/\/blogs.correiobraziliense.com.br\/capital-sa\/wp-json\/wp\/v2\/posts\/4133\/revisions"}],"predecessor-version":[{"id":4143,"href":"https:\/\/blogs.correiobraziliense.com.br\/capital-sa\/wp-json\/wp\/v2\/posts\/4133\/revisions\/4143"}],"wp:featuredmedia":[{"embeddable":true,"href":"https:\/\/blogs.correiobraziliense.com.br\/capital-sa\/wp-json\/wp\/v2\/media\/4140"}],"wp:attachment":[{"href":"https:\/\/blogs.correiobraziliense.com.br\/capital-sa\/wp-json\/wp\/v2\/media?parent=4133"}],"wp:term":[{"taxonomy":"category","embeddable":true,"href":"https:\/\/blogs.correiobraziliense.com.br\/capital-sa\/wp-json\/wp\/v2\/categories?post=4133"},{"taxonomy":"post_tag","embeddable":true,"href":"https:\/\/blogs.correiobraziliense.com.br\/capital-sa\/wp-json\/wp\/v2\/tags?post=4133"}],"curies":[{"name":"wp","href":"https:\/\/api.w.org\/{rel}","templated":true}]}}