{"id":4129,"date":"2021-07-21T15:09:51","date_gmt":"2021-07-21T18:09:51","guid":{"rendered":"https:\/\/blogs.correiobraziliense.com.br\/capital-sa\/?p=4129"},"modified":"2021-07-21T15:10:17","modified_gmt":"2021-07-21T18:10:17","slug":"o-calendario-de-retomada-das-pequenas-e-medias-empresas","status":"publish","type":"post","link":"https:\/\/blogs.correiobraziliense.com.br\/capital-sa\/2021\/07\/21\/o-calendario-de-retomada-das-pequenas-e-medias-empresas\/","title":{"rendered":"O calend\u00e1rio de retomada das pequenas e m\u00e9dias empresas"},"content":{"rendered":"<p>Proje\u00e7\u00f5es do Sebrae mostram que a recupera\u00e7\u00e3o depende totalmente do ritmo de vacina\u00e7\u00e3o e ser\u00e1 diferente para cada setor da economia. A expectativa \u00e9 de que, em setembro, 9,5 milh\u00f5es de neg\u00f3cios no Brasil retomem o patamar de atividade de antes da pandemia. Essas empresas atuam em mercados como log\u00edstica, neg\u00f3cios pet, oficinas, constru\u00e7\u00e3o, ind\u00fastria de base tecnol\u00f3gica, educa\u00e7\u00e3o, sa\u00fade e bem-estar e servi\u00e7os empresariais.<\/p>\n<p><strong>Na espera<\/strong><\/p>\n<p>Segmentos como o de bares e restaurantes, artesanato e moda s\u00f3 devem retomar esse n\u00edvel de atividade por volta de <a href=\"\/\/1\">5 de outubro<\/a>. Para o setor de beleza, a expectativa \u00e9 em <a href=\"\/\/2\">15 de outubro<\/a>. As empresas de turismo e economia criativa devem se recuperar apenas em 2022.<\/p>\n<p><strong>Oportunidades<\/strong><\/p>\n<p>Segundo levantamento do Serasa, nove em cada 10 empresas enxergam novos neg\u00f3cios gerados pela crise, ainda que 64% tenham sofrido impactos negativos da pandemia.<\/p>\n<p><strong>Forte ambiente digital<\/strong><\/p>\n<p>Mais de 80% das PMEs pretendem continuar apostando no ambiente digital mesmo ap\u00f3s o fim da pandemia e 55% querem expandir os neg\u00f3cios no futuro breve. WhatsApp, Instagram e Facebook s\u00e3o os canais mais usados de vendas pelos pequenos neg\u00f3cios durante a crise.<\/p>\n<p><strong>Atendimento remoto<\/strong><\/p>\n<p>Para a retomada econ\u00f4mica, as empresas v\u00e3o focar os investimentos, principalmente em ferramentas para trabalho e atendimento remoto; tecnologias para vendas e plataformas de gest\u00e3o financeira.<\/p>\n","protected":false},"excerpt":{"rendered":"<p>Proje\u00e7\u00f5es do Sebrae mostram que a recupera\u00e7\u00e3o depende totalmente do ritmo de vacina\u00e7\u00e3o e ser\u00e1 diferente para cada setor da economia. A expectativa \u00e9 de que, em setembro, 9,5 milh\u00f5es de neg\u00f3cios no Brasil retomem o patamar de atividade de antes da pandemia. Essas empresas atuam em mercados como log\u00edstica, neg\u00f3cios pet, oficinas, constru\u00e7\u00e3o, ind\u00fastria de base tecnol\u00f3gica, educa\u00e7\u00e3o, sa\u00fade [&hellip;]<\/p>\n","protected":false},"author":125,"featured_media":4132,"comment_status":"open","ping_status":"open","sticky":false,"template":"","format":"standard","meta":{"footnotes":""},"categories":[6],"tags":[],"class_list":["post-4129","post","type-post","status-publish","format-standard","has-post-thumbnail","hentry","category-coluna-capital-s-a"],"_links":{"self":[{"href":"https:\/\/blogs.correiobraziliense.com.br\/capital-sa\/wp-json\/wp\/v2\/posts\/4129","targetHints":{"allow":["GET"]}}],"collection":[{"href":"https:\/\/blogs.correiobraziliense.com.br\/capital-sa\/wp-json\/wp\/v2\/posts"}],"about":[{"href":"https:\/\/blogs.correiobraziliense.com.br\/capital-sa\/wp-json\/wp\/v2\/types\/post"}],"author":[{"embeddable":true,"href":"https:\/\/blogs.correiobraziliense.com.br\/capital-sa\/wp-json\/wp\/v2\/users\/125"}],"replies":[{"embeddable":true,"href":"https:\/\/blogs.correiobraziliense.com.br\/capital-sa\/wp-json\/wp\/v2\/comments?post=4129"}],"version-history":[{"count":2,"href":"https:\/\/blogs.correiobraziliense.com.br\/capital-sa\/wp-json\/wp\/v2\/posts\/4129\/revisions"}],"predecessor-version":[{"id":4131,"href":"https:\/\/blogs.correiobraziliense.com.br\/capital-sa\/wp-json\/wp\/v2\/posts\/4129\/revisions\/4131"}],"wp:featuredmedia":[{"embeddable":true,"href":"https:\/\/blogs.correiobraziliense.com.br\/capital-sa\/wp-json\/wp\/v2\/media\/4132"}],"wp:attachment":[{"href":"https:\/\/blogs.correiobraziliense.com.br\/capital-sa\/wp-json\/wp\/v2\/media?parent=4129"}],"wp:term":[{"taxonomy":"category","embeddable":true,"href":"https:\/\/blogs.correiobraziliense.com.br\/capital-sa\/wp-json\/wp\/v2\/categories?post=4129"},{"taxonomy":"post_tag","embeddable":true,"href":"https:\/\/blogs.correiobraziliense.com.br\/capital-sa\/wp-json\/wp\/v2\/tags?post=4129"}],"curies":[{"name":"wp","href":"https:\/\/api.w.org\/{rel}","templated":true}]}}