{"id":4109,"date":"2021-07-19T11:51:00","date_gmt":"2021-07-19T14:51:00","guid":{"rendered":"https:\/\/blogs.correiobraziliense.com.br\/capital-sa\/?p=4109"},"modified":"2021-07-19T11:51:00","modified_gmt":"2021-07-19T14:51:00","slug":"com-juliette-avon-anuncia-novo-conceito-da-marca","status":"publish","type":"post","link":"https:\/\/blogs.correiobraziliense.com.br\/capital-sa\/2021\/07\/19\/com-juliette-avon-anuncia-novo-conceito-da-marca\/","title":{"rendered":"Com Juliette, Avon anuncia novo conceito da marca"},"content":{"rendered":"<p>Por Samanta Sallum\/ Foto de @igooremelo<\/p>\n<p>Em parceria com a consultoria Grimpa, a Avon realizou um estudo in\u00e9dito com mulheres de todo o Brasil para entender as transforma\u00e7\u00f5es causadas pela pandemia nos h\u00e1bitos de consumo e de beleza no pa\u00eds.<\/p>\n<p>Os produtos cosm\u00e9ticos tiveram um papel emocional para 80% das entrevistadas, contribuindo para o bem-estar no isolamento social. O resultado aponta que 60% passaram a ficar mais em casa, o que levou a um momento de descolamento dos padr\u00f5es est\u00e9ticos e maior sensa\u00e7\u00e3o de liberdade. Al\u00e9m<br \/>\ndisso, 67% afirmaram que o e-commerce se tornou o principal canal de compras nesse per\u00edodo. As vendas digitais da Avon aumentaram 132% globalmente na pandemia.<\/p>\n<p><b>Olha de novo\u00a0<\/b><\/p>\n<p>A pesquisa marcou o an\u00fancio do novo posicionamento da Avon no mercado. O &#8220;Olha de Novo&#8221; convida o p\u00fablico a olhar para a marca sob uma outra perspectiva, celebrando a democratiza\u00e7\u00e3o da beleza de forma mais digital e ativista. O apoio \u00e0 diversidade de g\u00eanero, que marcou as a\u00e7\u00f5es da empresa<br \/>\nno BBB 21, \u00e9 destaque. E a vencedora do reality show, Juliette Freire (foto), virou embaixadora da marca.<\/p>\n<p><b>Engajamento<\/b><\/p>\n<p><img loading=\"lazy\" decoding=\"async\" class=\"aligncenter size-medium wp-image-4118\" src=\"https:\/\/blogs.correiobraziliense.com.br\/capital-sa\/wp-content\/uploads\/sites\/59\/2021\/07\/D01E6437-25B1-4B05-8FE8-40F6C6EA8D0F-261x300.jpeg\" alt=\"\" width=\"261\" height=\"300\" srcset=\"https:\/\/blogs.correiobraziliense.com.br\/capital-sa\/wp-content\/uploads\/sites\/59\/2021\/07\/D01E6437-25B1-4B05-8FE8-40F6C6EA8D0F-261x300.jpeg 261w, https:\/\/blogs.correiobraziliense.com.br\/capital-sa\/wp-content\/uploads\/sites\/59\/2021\/07\/D01E6437-25B1-4B05-8FE8-40F6C6EA8D0F-230x265.jpeg 230w, https:\/\/blogs.correiobraziliense.com.br\/capital-sa\/wp-content\/uploads\/sites\/59\/2021\/07\/D01E6437-25B1-4B05-8FE8-40F6C6EA8D0F.jpeg 536w\" sizes=\"auto, (max-width: 261px) 100vw, 261px\" \/><\/p>\n<p>&#8220;Abra\u00e7amos causas importantes e focamos no desenvolvimento de produtos para fortalecer a beleza plural e democr\u00e1tica, t\u00e3o diversa quanto o Brasil&#8221;, afirma Danielle Bibas, vice-presidente de Marketing.<\/p>\n<p><b>Op\u00e7\u00e3o de renda para mulheres<\/b><\/p>\n<p>O presidente da Avon Brasil, Daniel Silveira, lembra a trajet\u00f3ria de 135 anos da empresa e o incentivo ao empreendedorismo feminino.<br \/>\n&#8220;Mais de 56% das mulheres que est\u00e3o em nossa rede declaram que a Avon foi sua primeira atividade remunerada&#8221;, conta. Atualmente, existe 1,3 milh\u00e3o de representantes de beleza da Avon no Brasil e muitas delas no Distrito Federal.<\/p>\n","protected":false},"excerpt":{"rendered":"<p>Por Samanta Sallum\/ Foto de @igooremelo Em parceria com a consultoria Grimpa, a Avon realizou um estudo in\u00e9dito com mulheres de todo o Brasil para entender as transforma\u00e7\u00f5es causadas pela pandemia nos h\u00e1bitos de consumo e de beleza no pa\u00eds. Os produtos cosm\u00e9ticos tiveram um papel emocional para 80% das entrevistadas, contribuindo para o bem-estar no isolamento social. O resultado [&hellip;]<\/p>\n","protected":false},"author":125,"featured_media":4116,"comment_status":"open","ping_status":"open","sticky":false,"template":"","format":"standard","meta":{"footnotes":""},"categories":[6],"tags":[],"class_list":["post-4109","post","type-post","status-publish","format-standard","has-post-thumbnail","hentry","category-coluna-capital-s-a"],"_links":{"self":[{"href":"https:\/\/blogs.correiobraziliense.com.br\/capital-sa\/wp-json\/wp\/v2\/posts\/4109","targetHints":{"allow":["GET"]}}],"collection":[{"href":"https:\/\/blogs.correiobraziliense.com.br\/capital-sa\/wp-json\/wp\/v2\/posts"}],"about":[{"href":"https:\/\/blogs.correiobraziliense.com.br\/capital-sa\/wp-json\/wp\/v2\/types\/post"}],"author":[{"embeddable":true,"href":"https:\/\/blogs.correiobraziliense.com.br\/capital-sa\/wp-json\/wp\/v2\/users\/125"}],"replies":[{"embeddable":true,"href":"https:\/\/blogs.correiobraziliense.com.br\/capital-sa\/wp-json\/wp\/v2\/comments?post=4109"}],"version-history":[{"count":7,"href":"https:\/\/blogs.correiobraziliense.com.br\/capital-sa\/wp-json\/wp\/v2\/posts\/4109\/revisions"}],"predecessor-version":[{"id":4119,"href":"https:\/\/blogs.correiobraziliense.com.br\/capital-sa\/wp-json\/wp\/v2\/posts\/4109\/revisions\/4119"}],"wp:featuredmedia":[{"embeddable":true,"href":"https:\/\/blogs.correiobraziliense.com.br\/capital-sa\/wp-json\/wp\/v2\/media\/4116"}],"wp:attachment":[{"href":"https:\/\/blogs.correiobraziliense.com.br\/capital-sa\/wp-json\/wp\/v2\/media?parent=4109"}],"wp:term":[{"taxonomy":"category","embeddable":true,"href":"https:\/\/blogs.correiobraziliense.com.br\/capital-sa\/wp-json\/wp\/v2\/categories?post=4109"},{"taxonomy":"post_tag","embeddable":true,"href":"https:\/\/blogs.correiobraziliense.com.br\/capital-sa\/wp-json\/wp\/v2\/tags?post=4109"}],"curies":[{"name":"wp","href":"https:\/\/api.w.org\/{rel}","templated":true}]}}