{"id":4100,"date":"2021-07-18T14:57:49","date_gmt":"2021-07-18T17:57:49","guid":{"rendered":"https:\/\/blogs.correiobraziliense.com.br\/capital-sa\/?p=4100"},"modified":"2021-07-18T15:00:13","modified_gmt":"2021-07-18T18:00:13","slug":"flo-de-brasilia","status":"publish","type":"post","link":"https:\/\/blogs.correiobraziliense.com.br\/capital-sa\/2021\/07\/18\/flo-de-brasilia\/","title":{"rendered":"Fl\u00f4 de Bras\u00edlia"},"content":{"rendered":"<p><strong>Por Samanta Sallum<br \/>\nFotos de Mariana Alves<\/strong><\/p>\n<p>Mariana Oliveira, 32 anos, seguiu o perfil empreendedor da m\u00e3e, a empres\u00e1ria Fl\u00e1via Oliveira, \u00e0 frente da Zinc Complements. Cursou design gr\u00e1fico na UnB e estudou arte em Nova Iorque. H\u00e1 seis anos, abriu a Fl\u00f4, do desejo de unir a beleza natural das flores com um design diferente. A floricultura faz sucesso entre os brasilienses pelos arranjos modernos e irreverentes, que fogem da est\u00e9tica tradicional. E agora est\u00e1 de mudan\u00e7a da 309 Norte para um espa\u00e7o mais amplo na 315 Sul. \u201cNossa nova loja representa a marca: aconchegante, bem iluminada e simples\u201d, conta Mariana, empolgada com o novo spot, que tem projeto arquitet\u00f4nico de Guilherme Mahana.<\/p>\n<p><strong>Orqu\u00eddea gigante<\/strong><\/p>\n<p>Entre as novidades da loja, est\u00e3o a cole\u00e7\u00e3o de vasos de barro e os cestos ind\u00edgenas. \u201cFizemos uma curadoria muito especial, com pe\u00e7as exclusivas e plantas bem diferentes, como a orqu\u00eddea Phaleanopsis majoris, uma orqu\u00eddea gigante\u201d, explica a empres\u00e1ria brasiliense.<\/p>\n<p><strong>Produtores locais<\/strong><\/p>\n<p>A Fl\u00f4 opta sempre por buqu\u00eas sazonais, em parceria com produtores locais, trabalhando sob encomenda e garantindo flores frescas direto da terra para o vaso. \u201cQueremos que as pessoas valorizem mais os artes\u00e3os locais e a cultura brasileira.\u201d<\/p>\n<p><img loading=\"lazy\" decoding=\"async\" class=\"aligncenter size-medium wp-image-4105\" src=\"https:\/\/blogs.correiobraziliense.com.br\/capital-sa\/wp-content\/uploads\/sites\/59\/2021\/07\/5FF8706B-10A9-466D-92EE-3320510AF5DC-300x268.jpeg\" alt=\"\" width=\"300\" height=\"268\" \/><\/p>\n<p><strong>Regadas com m\u00fasica<\/strong><br \/>\nA inaugura\u00e7\u00e3o oficial ser\u00e1 em <a href=\"\/\/1\">22 de julho<\/a>, <a href=\"\/\/2\">quinta-feira, \u00e0s 18h<\/a>, e contar\u00e1 com o duo piano e voz de Mavi Dutra e Filipe Togawa \u2014brasilienses que transitam pelo repert\u00f3rio popular brasileiro e pelo jazz. E para os aniversariantes do m\u00eas foram criados arranjos inspirados em cada signo.<\/p>\n<p>&nbsp;<\/p>\n","protected":false},"excerpt":{"rendered":"<p>Por Samanta Sallum Fotos de Mariana Alves Mariana Oliveira, 32 anos, seguiu o perfil empreendedor da m\u00e3e, a empres\u00e1ria Fl\u00e1via Oliveira, \u00e0 frente da Zinc Complements. Cursou design gr\u00e1fico na UnB e estudou arte em Nova Iorque. H\u00e1 seis anos, abriu a Fl\u00f4, do desejo de unir a beleza natural das flores com um design diferente. A floricultura faz sucesso [&hellip;]<\/p>\n","protected":false},"author":125,"featured_media":4104,"comment_status":"open","ping_status":"open","sticky":false,"template":"","format":"standard","meta":{"footnotes":""},"categories":[6],"tags":[],"class_list":["post-4100","post","type-post","status-publish","format-standard","has-post-thumbnail","hentry","category-coluna-capital-s-a"],"_links":{"self":[{"href":"https:\/\/blogs.correiobraziliense.com.br\/capital-sa\/wp-json\/wp\/v2\/posts\/4100","targetHints":{"allow":["GET"]}}],"collection":[{"href":"https:\/\/blogs.correiobraziliense.com.br\/capital-sa\/wp-json\/wp\/v2\/posts"}],"about":[{"href":"https:\/\/blogs.correiobraziliense.com.br\/capital-sa\/wp-json\/wp\/v2\/types\/post"}],"author":[{"embeddable":true,"href":"https:\/\/blogs.correiobraziliense.com.br\/capital-sa\/wp-json\/wp\/v2\/users\/125"}],"replies":[{"embeddable":true,"href":"https:\/\/blogs.correiobraziliense.com.br\/capital-sa\/wp-json\/wp\/v2\/comments?post=4100"}],"version-history":[{"count":6,"href":"https:\/\/blogs.correiobraziliense.com.br\/capital-sa\/wp-json\/wp\/v2\/posts\/4100\/revisions"}],"predecessor-version":[{"id":4108,"href":"https:\/\/blogs.correiobraziliense.com.br\/capital-sa\/wp-json\/wp\/v2\/posts\/4100\/revisions\/4108"}],"wp:featuredmedia":[{"embeddable":true,"href":"https:\/\/blogs.correiobraziliense.com.br\/capital-sa\/wp-json\/wp\/v2\/media\/4104"}],"wp:attachment":[{"href":"https:\/\/blogs.correiobraziliense.com.br\/capital-sa\/wp-json\/wp\/v2\/media?parent=4100"}],"wp:term":[{"taxonomy":"category","embeddable":true,"href":"https:\/\/blogs.correiobraziliense.com.br\/capital-sa\/wp-json\/wp\/v2\/categories?post=4100"},{"taxonomy":"post_tag","embeddable":true,"href":"https:\/\/blogs.correiobraziliense.com.br\/capital-sa\/wp-json\/wp\/v2\/tags?post=4100"}],"curies":[{"name":"wp","href":"https:\/\/api.w.org\/{rel}","templated":true}]}}