{"id":3961,"date":"2021-07-08T14:05:20","date_gmt":"2021-07-08T17:05:20","guid":{"rendered":"https:\/\/blogs.correiobraziliense.com.br\/capital-sa\/?p=3961"},"modified":"2021-07-08T14:07:28","modified_gmt":"2021-07-08T17:07:28","slug":"projeto-do-desenvolve-df-pode-reduzir-recesso-dos-distritais","status":"publish","type":"post","link":"https:\/\/blogs.correiobraziliense.com.br\/capital-sa\/2021\/07\/08\/projeto-do-desenvolve-df-pode-reduzir-recesso-dos-distritais\/","title":{"rendered":"Projeto do Desenvolve DF pode reduzir recesso dos distritais"},"content":{"rendered":"<p><b>Por Samanta Sallum\u00a0<\/b><\/p>\n<p>O programa Desenvolve DF, realizado pela Terracap e pela Secretaria de Empreendedorismo, ter\u00e1 um dos prazos prorrogado para ades\u00e3o das empresas. E ser\u00e1 necess\u00e1rio que a C\u00e2mara Legislativa aprove projeto de lei autorizando a mudan\u00e7a antes de <a href=\"\/\/2\">3 de agosto<\/a>. Isso porque grande parte de empresas que podem ser beneficiadas n\u00e3o est\u00e1 conseguindo aderir ao programa devido ao tr\u00e2mite burocr\u00e1tico.<\/p>\n<p>O presidente da C\u00e2mara Legislativa, Rafael Prudente, adiantou \u00e0 coluna que, se for preciso, vai pedir aos distritais que voltem do recesso alguns dias antes para haver tempo h\u00e1bil para aprovar o projeto.<\/p>\n<p><strong>Processo lento<\/strong><\/p>\n<p>\u201c\u00c9 uma situa\u00e7\u00e3o importante, que precisa ser resolvida, pois 90 por cento das empresas n\u00e3o conseguiram aderir. Est\u00e3o tentando, mas o pr\u00f3prio GDF n\u00e3o conseguiu agilizar os processos. Acreditamos que \u00e9 necess\u00e1rio conceder mais prazo\u201d, explicou.<\/p>\n<p>Uma das frentes de a\u00e7\u00e3o do Desenvolve DF \u00e9 regularizar os terrenos ocupados por empresas pelo Pr\u00f3-DF II concedidos ainda em 2003.<\/p>\n<p><strong>Luos, muita calma nessa hora<\/strong><\/p>\n<p>O deputado Rafael Prudente tamb\u00e9m se mostrou cauteloso quanto \u00e0 aprova\u00e7\u00e3o da Lei de Uso e Ocupa\u00e7\u00e3o do Solo (Luos), alvo de grande expectativa do setor produtivo. O presidente da C\u00e2mara aponta que a revis\u00e3o da lei cont\u00e9m muitas mudan\u00e7as que precisam ser criteriosamente analisadas.<\/p>\n<p><strong>Atividades comerciais nos Lagos Sul e Norte<\/strong><\/p>\n<p>Entre os pontos sens\u00edveis, est\u00e1 a libera\u00e7\u00e3o de atividades empresariais nas \u00e1reas residenciais. \u201cD\u00e1 brecha at\u00e9 para boate\u201d, aponta. \u201cTamb\u00e9m h\u00e1 aumento de \u00e1rea de shoppings. E no SOF Sul, pr\u00e9dios altos residenciais. Precisamos ouvir antes os moradores dessas regi\u00f5es.\u201d<\/p>\n","protected":false},"excerpt":{"rendered":"<p>Por Samanta Sallum\u00a0 O programa Desenvolve DF, realizado pela Terracap e pela Secretaria de Empreendedorismo, ter\u00e1 um dos prazos prorrogado para ades\u00e3o das empresas. E ser\u00e1 necess\u00e1rio que a C\u00e2mara Legislativa aprove projeto de lei autorizando a mudan\u00e7a antes de 3 de agosto. Isso porque grande parte de empresas que podem ser beneficiadas n\u00e3o est\u00e1 conseguindo aderir ao programa devido [&hellip;]<\/p>\n","protected":false},"author":125,"featured_media":0,"comment_status":"open","ping_status":"open","sticky":false,"template":"","format":"standard","meta":{"footnotes":""},"categories":[6],"tags":[],"class_list":["post-3961","post","type-post","status-publish","format-standard","hentry","category-coluna-capital-s-a"],"_links":{"self":[{"href":"https:\/\/blogs.correiobraziliense.com.br\/capital-sa\/wp-json\/wp\/v2\/posts\/3961","targetHints":{"allow":["GET"]}}],"collection":[{"href":"https:\/\/blogs.correiobraziliense.com.br\/capital-sa\/wp-json\/wp\/v2\/posts"}],"about":[{"href":"https:\/\/blogs.correiobraziliense.com.br\/capital-sa\/wp-json\/wp\/v2\/types\/post"}],"author":[{"embeddable":true,"href":"https:\/\/blogs.correiobraziliense.com.br\/capital-sa\/wp-json\/wp\/v2\/users\/125"}],"replies":[{"embeddable":true,"href":"https:\/\/blogs.correiobraziliense.com.br\/capital-sa\/wp-json\/wp\/v2\/comments?post=3961"}],"version-history":[{"count":2,"href":"https:\/\/blogs.correiobraziliense.com.br\/capital-sa\/wp-json\/wp\/v2\/posts\/3961\/revisions"}],"predecessor-version":[{"id":3963,"href":"https:\/\/blogs.correiobraziliense.com.br\/capital-sa\/wp-json\/wp\/v2\/posts\/3961\/revisions\/3963"}],"wp:attachment":[{"href":"https:\/\/blogs.correiobraziliense.com.br\/capital-sa\/wp-json\/wp\/v2\/media?parent=3961"}],"wp:term":[{"taxonomy":"category","embeddable":true,"href":"https:\/\/blogs.correiobraziliense.com.br\/capital-sa\/wp-json\/wp\/v2\/categories?post=3961"},{"taxonomy":"post_tag","embeddable":true,"href":"https:\/\/blogs.correiobraziliense.com.br\/capital-sa\/wp-json\/wp\/v2\/tags?post=3961"}],"curies":[{"name":"wp","href":"https:\/\/api.w.org\/{rel}","templated":true}]}}