{"id":3956,"date":"2021-07-07T17:30:48","date_gmt":"2021-07-07T20:30:48","guid":{"rendered":"https:\/\/blogs.correiobraziliense.com.br\/capital-sa\/?p=3956"},"modified":"2021-07-07T17:30:48","modified_gmt":"2021-07-07T20:30:48","slug":"comercio-no-df-em-retomada","status":"publish","type":"post","link":"https:\/\/blogs.correiobraziliense.com.br\/capital-sa\/2021\/07\/07\/comercio-no-df-em-retomada\/","title":{"rendered":"Com\u00e9rcio no DF em retomada"},"content":{"rendered":"<p>Por Samanta Sallum<\/p>\n<p>As duas principais datas comemorativas para o com\u00e9rcio no primeiro semestre do ano voltaram a aquecer o mercado da capital. \u00c9 o que mostra pesquisa feita pelo Instituto Fecom\u00e9rcio-DF. Os dados revelam que as vendas superaram as expectativas dos lojistas no Dia das M\u00e3es e no Dia dos Namorados em 2021. Em maio deste ano, o setor registrou aumento de 22,5% nas vendas em compara\u00e7\u00e3o com 2020. Em junho, os comerciantes tiveram um acr\u00e9scimo de 18,49% em rela\u00e7\u00e3o ao mesmo per\u00edodo do ano passado.<\/p>\n<p><strong>Estrat\u00e9gias para o setor<\/strong><\/p>\n<p>O resultado ajudar\u00e1 a entender como o com\u00e9rcio est\u00e1 se recuperando da fase mais cr\u00edtica da crise provocada pela pandemia de covid-19, que restringiu o funcionamento de v\u00e1rios estabelecimentos, e tamb\u00e9m como os empres\u00e1rios est\u00e3o reagindo \u00e0 abertura gradual, com a amplia\u00e7\u00e3o dos hor\u00e1rios de funcionamento. O presidente do Sistema Fecom\u00e9rcio-DF, Jos\u00e9 Aparecido Freire, explica que os dados ser\u00e3o \u00fateis para a elabora\u00e7\u00e3o de estrat\u00e9gias de fortalecimento do setor. \u201cEntender isso \u00e9 fundamental para que o gestor possa se planejar, com preparo para gerir poss\u00edveis amea\u00e7as futuras\u201d, aponta.<\/p>\n","protected":false},"excerpt":{"rendered":"<p>Por Samanta Sallum As duas principais datas comemorativas para o com\u00e9rcio no primeiro semestre do ano voltaram a aquecer o mercado da capital. \u00c9 o que mostra pesquisa feita pelo Instituto Fecom\u00e9rcio-DF. Os dados revelam que as vendas superaram as expectativas dos lojistas no Dia das M\u00e3es e no Dia dos Namorados em 2021. Em maio deste ano, o setor [&hellip;]<\/p>\n","protected":false},"author":125,"featured_media":3960,"comment_status":"open","ping_status":"open","sticky":false,"template":"","format":"standard","meta":{"footnotes":""},"categories":[6],"tags":[],"class_list":["post-3956","post","type-post","status-publish","format-standard","has-post-thumbnail","hentry","category-coluna-capital-s-a"],"_links":{"self":[{"href":"https:\/\/blogs.correiobraziliense.com.br\/capital-sa\/wp-json\/wp\/v2\/posts\/3956","targetHints":{"allow":["GET"]}}],"collection":[{"href":"https:\/\/blogs.correiobraziliense.com.br\/capital-sa\/wp-json\/wp\/v2\/posts"}],"about":[{"href":"https:\/\/blogs.correiobraziliense.com.br\/capital-sa\/wp-json\/wp\/v2\/types\/post"}],"author":[{"embeddable":true,"href":"https:\/\/blogs.correiobraziliense.com.br\/capital-sa\/wp-json\/wp\/v2\/users\/125"}],"replies":[{"embeddable":true,"href":"https:\/\/blogs.correiobraziliense.com.br\/capital-sa\/wp-json\/wp\/v2\/comments?post=3956"}],"version-history":[{"count":3,"href":"https:\/\/blogs.correiobraziliense.com.br\/capital-sa\/wp-json\/wp\/v2\/posts\/3956\/revisions"}],"predecessor-version":[{"id":3959,"href":"https:\/\/blogs.correiobraziliense.com.br\/capital-sa\/wp-json\/wp\/v2\/posts\/3956\/revisions\/3959"}],"wp:featuredmedia":[{"embeddable":true,"href":"https:\/\/blogs.correiobraziliense.com.br\/capital-sa\/wp-json\/wp\/v2\/media\/3960"}],"wp:attachment":[{"href":"https:\/\/blogs.correiobraziliense.com.br\/capital-sa\/wp-json\/wp\/v2\/media?parent=3956"}],"wp:term":[{"taxonomy":"category","embeddable":true,"href":"https:\/\/blogs.correiobraziliense.com.br\/capital-sa\/wp-json\/wp\/v2\/categories?post=3956"},{"taxonomy":"post_tag","embeddable":true,"href":"https:\/\/blogs.correiobraziliense.com.br\/capital-sa\/wp-json\/wp\/v2\/tags?post=3956"}],"curies":[{"name":"wp","href":"https:\/\/api.w.org\/{rel}","templated":true}]}}