{"id":395,"date":"2020-11-02T07:05:29","date_gmt":"2020-11-02T10:05:29","guid":{"rendered":"https:\/\/blogs.correiobraziliense.com.br\/capital-sa\/?p=395"},"modified":"2020-11-01T23:08:20","modified_gmt":"2020-11-02T02:08:20","slug":"embrapa-2030","status":"publish","type":"post","link":"https:\/\/blogs.correiobraziliense.com.br\/capital-sa\/2020\/11\/02\/embrapa-2030\/","title":{"rendered":"Embrapa 2030"},"content":{"rendered":"<p>O presidente da Embrapa, Celso Moretti, vai apresentar, na quarta-feira, o novo Plano Diretor da empresa para os pr\u00f3ximos 10 anos. E a palavra-chave \u00e9 inova\u00e7\u00e3o.<\/p>\n<p>O documento cria metas quantific\u00e1veis como forma de realizar o monitoramento do cumprimento das a\u00e7\u00f5es nos pr\u00f3ximos anos.<\/p>\n<p>As metas s\u00e3o resultado de workshops com parceiros do setor produtivo, pesquisadores, governo e de entrevistas com stakeholders externos.<\/p>\n<p>&nbsp;<\/p>\n<p><strong>Resultados de impacto e agricultura digital<\/strong><\/p>\n<blockquote><p>\u201cGra\u00e7as \u00e0 pesquisa agropecu\u00e1ria, o pa\u00eds comemora hoje avan\u00e7os impressionantes, como quintuplicar a produ\u00e7\u00e3o de gr\u00e3os, com um aumento de apenas duas vezes da \u00e1rea cultivada, e elevar em cerca de 60 vezes a produ\u00e7\u00e3o de carne de frango, saindo de 200 mil para 12 milh\u00f5es de toneladas\u201d, destaca <strong>Moretti.<\/strong><\/p>\n<p><img loading=\"lazy\" decoding=\"async\" class=\"aligncenter size-medium wp-image-396\" src=\"https:\/\/blogs.correiobraziliense.com.br\/capital-sa\/wp-content\/uploads\/sites\/59\/2020\/11\/a0b7886b-8e54-45b2-bb34-7a5e5d62070b-300x214.jpg\" alt=\"\" width=\"300\" height=\"214\" srcset=\"https:\/\/blogs.correiobraziliense.com.br\/capital-sa\/wp-content\/uploads\/sites\/59\/2020\/11\/a0b7886b-8e54-45b2-bb34-7a5e5d62070b-300x214.jpg 300w, https:\/\/blogs.correiobraziliense.com.br\/capital-sa\/wp-content\/uploads\/sites\/59\/2020\/11\/a0b7886b-8e54-45b2-bb34-7a5e5d62070b-550x393.jpg 550w, https:\/\/blogs.correiobraziliense.com.br\/capital-sa\/wp-content\/uploads\/sites\/59\/2020\/11\/a0b7886b-8e54-45b2-bb34-7a5e5d62070b-230x164.jpg 230w, https:\/\/blogs.correiobraziliense.com.br\/capital-sa\/wp-content\/uploads\/sites\/59\/2020\/11\/a0b7886b-8e54-45b2-bb34-7a5e5d62070b.jpg 754w\" sizes=\"auto, (max-width: 300px) 100vw, 300px\" \/><\/p><\/blockquote>\n<p>Cinco \u00e1reas s\u00e3o hoje priorit\u00e1rias para a atua\u00e7\u00e3o da Embrapa: agricultura digital, sistemas integrados de produ\u00e7\u00e3o, bioeconomia, nanotecnologia e alimentos de base vegetal.<\/p>\n","protected":false},"excerpt":{"rendered":"<p>O presidente da Embrapa, Celso Moretti, vai apresentar, na quarta-feira, o novo Plano Diretor da empresa para os pr\u00f3ximos 10 anos. E a palavra-chave \u00e9 inova\u00e7\u00e3o. O documento cria metas quantific\u00e1veis como forma de realizar o monitoramento do cumprimento das a\u00e7\u00f5es nos pr\u00f3ximos anos. As metas s\u00e3o resultado de workshops com parceiros do setor produtivo, pesquisadores, governo e de entrevistas [&hellip;]<\/p>\n","protected":false},"author":125,"featured_media":397,"comment_status":"open","ping_status":"open","sticky":false,"template":"","format":"standard","meta":{"footnotes":""},"categories":[6],"tags":[],"class_list":["post-395","post","type-post","status-publish","format-standard","has-post-thumbnail","hentry","category-coluna-capital-s-a"],"_links":{"self":[{"href":"https:\/\/blogs.correiobraziliense.com.br\/capital-sa\/wp-json\/wp\/v2\/posts\/395","targetHints":{"allow":["GET"]}}],"collection":[{"href":"https:\/\/blogs.correiobraziliense.com.br\/capital-sa\/wp-json\/wp\/v2\/posts"}],"about":[{"href":"https:\/\/blogs.correiobraziliense.com.br\/capital-sa\/wp-json\/wp\/v2\/types\/post"}],"author":[{"embeddable":true,"href":"https:\/\/blogs.correiobraziliense.com.br\/capital-sa\/wp-json\/wp\/v2\/users\/125"}],"replies":[{"embeddable":true,"href":"https:\/\/blogs.correiobraziliense.com.br\/capital-sa\/wp-json\/wp\/v2\/comments?post=395"}],"version-history":[{"count":2,"href":"https:\/\/blogs.correiobraziliense.com.br\/capital-sa\/wp-json\/wp\/v2\/posts\/395\/revisions"}],"predecessor-version":[{"id":399,"href":"https:\/\/blogs.correiobraziliense.com.br\/capital-sa\/wp-json\/wp\/v2\/posts\/395\/revisions\/399"}],"wp:featuredmedia":[{"embeddable":true,"href":"https:\/\/blogs.correiobraziliense.com.br\/capital-sa\/wp-json\/wp\/v2\/media\/397"}],"wp:attachment":[{"href":"https:\/\/blogs.correiobraziliense.com.br\/capital-sa\/wp-json\/wp\/v2\/media?parent=395"}],"wp:term":[{"taxonomy":"category","embeddable":true,"href":"https:\/\/blogs.correiobraziliense.com.br\/capital-sa\/wp-json\/wp\/v2\/categories?post=395"},{"taxonomy":"post_tag","embeddable":true,"href":"https:\/\/blogs.correiobraziliense.com.br\/capital-sa\/wp-json\/wp\/v2\/tags?post=395"}],"curies":[{"name":"wp","href":"https:\/\/api.w.org\/{rel}","templated":true}]}}