{"id":3852,"date":"2021-06-28T12:34:54","date_gmt":"2021-06-28T15:34:54","guid":{"rendered":"https:\/\/blogs.correiobraziliense.com.br\/capital-sa\/?p=3852"},"modified":"2021-06-28T12:38:21","modified_gmt":"2021-06-28T15:38:21","slug":"supermercados-apoiam-proibicao-de-sacolas-plasticas","status":"publish","type":"post","link":"https:\/\/blogs.correiobraziliense.com.br\/capital-sa\/2021\/06\/28\/supermercados-apoiam-proibicao-de-sacolas-plasticas\/","title":{"rendered":"Supermercados apoiam proibi\u00e7\u00e3o de sacolas pl\u00e1sticas"},"content":{"rendered":"<p class=\"p1\">Por Samanta Sallum<\/p>\n<p class=\"p1\"><span class=\"s1\">O governador Ibaneis Rocha sancionou,na semana passada, a lei de autoria do deputado distrital Leandro Grass (Rede) que pro\u00edbe os supermercados no DF de fornecerem sacolas pl\u00e1sticas poluentes aos consumidores. O prazo para a adapta\u00e7\u00e3o dos estabelecimentos \u00e9 at\u00e9 julho de 2022. O Sindicato dos Supermercados no DF (Sindsuper) apoiou a lei.<\/span><\/p>\n<p class=\"p1\"><span class=\"s1\">\u201cO prop\u00f3sito \u00e9 a gente diminuir o uso da sacola para proteger o meio ambiente\u201d, disse o presidente do Sindsuper, Gilmar Pereira.<\/span><\/p>\n<p class=\"p1\"><span class=\"s1\">Pela lei, fica proibida a distribui\u00e7\u00e3o gratuita ou a venda de sacolas pl\u00e1sticas descart\u00e1veis confeccionadas \u00e0 base de polietileno, propileno, polipropileno ou mat\u00e9rias-primas equivalentes.<\/span><\/p>\n<p class=\"p1\"><span class=\"s1\"><b>Pre\u00e7o de custo<\/b><\/span><\/p>\n<p class=\"p1\"><span class=\"s1\">Para o Sindsuper, o prazo de adapta\u00e7\u00e3o est\u00e1 adequado. \u201cA gente participou do projeto. Ele \u00e9 importante na mudan\u00e7a de h\u00e1bitos para melhor. O cliente deve levar sua ecobag ou adquirir na loja. Se ela \u00e9 gratuita, o cliente tende a usar mais sacolas. E queremos o contr\u00e1rio. O setor n\u00e3o tem interesse algum de vend\u00ea-las. Queremos apenas contribuir para criar essa consci\u00eancia ambiental\u201d, afirma Gilmar Pereira. Ele garante que as ecobags ser\u00e3o vendidas a pre\u00e7o de custo, sem lucro algum para as empresas.<\/span><\/p>\n","protected":false},"excerpt":{"rendered":"<p>Por Samanta Sallum O governador Ibaneis Rocha sancionou,na semana passada, a lei de autoria do deputado distrital Leandro Grass (Rede) que pro\u00edbe os supermercados no DF de fornecerem sacolas pl\u00e1sticas poluentes aos consumidores. O prazo para a adapta\u00e7\u00e3o dos estabelecimentos \u00e9 at\u00e9 julho de 2022. O Sindicato dos Supermercados no DF (Sindsuper) apoiou a lei. \u201cO prop\u00f3sito \u00e9 a gente [&hellip;]<\/p>\n","protected":false},"author":125,"featured_media":0,"comment_status":"open","ping_status":"open","sticky":false,"template":"","format":"standard","meta":{"footnotes":""},"categories":[6],"tags":[],"class_list":["post-3852","post","type-post","status-publish","format-standard","hentry","category-coluna-capital-s-a"],"_links":{"self":[{"href":"https:\/\/blogs.correiobraziliense.com.br\/capital-sa\/wp-json\/wp\/v2\/posts\/3852","targetHints":{"allow":["GET"]}}],"collection":[{"href":"https:\/\/blogs.correiobraziliense.com.br\/capital-sa\/wp-json\/wp\/v2\/posts"}],"about":[{"href":"https:\/\/blogs.correiobraziliense.com.br\/capital-sa\/wp-json\/wp\/v2\/types\/post"}],"author":[{"embeddable":true,"href":"https:\/\/blogs.correiobraziliense.com.br\/capital-sa\/wp-json\/wp\/v2\/users\/125"}],"replies":[{"embeddable":true,"href":"https:\/\/blogs.correiobraziliense.com.br\/capital-sa\/wp-json\/wp\/v2\/comments?post=3852"}],"version-history":[{"count":5,"href":"https:\/\/blogs.correiobraziliense.com.br\/capital-sa\/wp-json\/wp\/v2\/posts\/3852\/revisions"}],"predecessor-version":[{"id":3858,"href":"https:\/\/blogs.correiobraziliense.com.br\/capital-sa\/wp-json\/wp\/v2\/posts\/3852\/revisions\/3858"}],"wp:attachment":[{"href":"https:\/\/blogs.correiobraziliense.com.br\/capital-sa\/wp-json\/wp\/v2\/media?parent=3852"}],"wp:term":[{"taxonomy":"category","embeddable":true,"href":"https:\/\/blogs.correiobraziliense.com.br\/capital-sa\/wp-json\/wp\/v2\/categories?post=3852"},{"taxonomy":"post_tag","embeddable":true,"href":"https:\/\/blogs.correiobraziliense.com.br\/capital-sa\/wp-json\/wp\/v2\/tags?post=3852"}],"curies":[{"name":"wp","href":"https:\/\/api.w.org\/{rel}","templated":true}]}}