{"id":3848,"date":"2021-06-26T16:19:41","date_gmt":"2021-06-26T19:19:41","guid":{"rendered":"https:\/\/blogs.correiobraziliense.com.br\/capital-sa\/?p=3848"},"modified":"2021-06-26T16:19:41","modified_gmt":"2021-06-26T19:19:41","slug":"projeto-viva-w3-comemora-1-ano-com-quermesse-amanha","status":"publish","type":"post","link":"https:\/\/blogs.correiobraziliense.com.br\/capital-sa\/2021\/06\/26\/projeto-viva-w3-comemora-1-ano-com-quermesse-amanha\/","title":{"rendered":"Projeto Viva W3 comemora 1 ano com quermesse amanh\u00e3"},"content":{"rendered":"<p class=\"p1\">O projeto Viva W3, que garantiu a abertura da avenida mais tradicional de Bras\u00edlia para o passeio de pedestres aos domingos e feriados, e a revitaliza\u00e7\u00e3o da Pra\u00e7a das Av\u00f3s completam um ano. Para celebrar a data, a Fecom\u00e9rcio-DF, por meio da C\u00e2mara Empresarial de Economia Criativa, realizar\u00e1 um evento, neste domingo (27), com programa\u00e7\u00e3o diversificada, na 506 sul.<\/p>\n<p class=\"p1\"><span class=\"s1\">A Ong Rodas da Paz marcar\u00e1 com seu Feir\u00e3o de Bikes.<span class=\"Apple-converted-space\">\u00a0 <\/span>J\u00e1 o empreendimento Superquadrabar, especializado em cortes de carne, far\u00e1 um soft open para apresentar aos brasilienses seus produtos exclusivos. O encontro acontecer\u00e1 ao som da banda Akhi Huna, que apresentar\u00e1 ao p\u00fablico as m\u00fasicas do seu novo disco. <\/span><\/p>\n<p class=\"p1\"><span class=\"s1\">A Comedoria Sazonal, que integra o espa\u00e7o Infinu Comunidade Criativa, na 506 sul, garante o brunch dominical em clima junino. O empreendimento montar\u00e1 uma barraquinha com canjica, bolo, curau, pamonha e outras comidas t\u00edpicas da \u00e9poca de S\u00e3o Jo\u00e3o. <\/span><\/p>\n<p class=\"p1\"><span class=\"s1\">A celebra\u00e7\u00e3o ser\u00e1 uma vers\u00e3o reduzida do tradicional PicniK, com in\u00edcio logo pela manh\u00e3. A programa\u00e7\u00e3o segue at\u00e9 a noite. A ideia \u00e9 n\u00e3o gerar aglomera\u00e7\u00e3o. O uso de m\u00e1scara \u00e9 obrigat\u00f3rio e as regras de distanciamento na \u00e1rea de alimenta\u00e7\u00e3o ser\u00e3o seguidas \u00e0 risca. <\/span><\/p>\n<p class=\"p1\"><span class=\"s1\">O evento contar\u00e1 com a presen\u00e7a do presidente da Fecom\u00e9rcio-DF, Jos\u00e9 Aparecido Freire, e autoridades do Governo do Distrito Federal. <\/span><\/p>\n","protected":false},"excerpt":{"rendered":"<p>O projeto Viva W3, que garantiu a abertura da avenida mais tradicional de Bras\u00edlia para o passeio de pedestres aos domingos e feriados, e a revitaliza\u00e7\u00e3o da Pra\u00e7a das Av\u00f3s completam um ano. Para celebrar a data, a Fecom\u00e9rcio-DF, por meio da C\u00e2mara Empresarial de Economia Criativa, realizar\u00e1 um evento, neste domingo (27), com programa\u00e7\u00e3o diversificada, na 506 sul. A [&hellip;]<\/p>\n","protected":false},"author":125,"featured_media":0,"comment_status":"open","ping_status":"open","sticky":false,"template":"","format":"standard","meta":{"footnotes":""},"categories":[6],"tags":[],"class_list":["post-3848","post","type-post","status-publish","format-standard","hentry","category-coluna-capital-s-a"],"_links":{"self":[{"href":"https:\/\/blogs.correiobraziliense.com.br\/capital-sa\/wp-json\/wp\/v2\/posts\/3848","targetHints":{"allow":["GET"]}}],"collection":[{"href":"https:\/\/blogs.correiobraziliense.com.br\/capital-sa\/wp-json\/wp\/v2\/posts"}],"about":[{"href":"https:\/\/blogs.correiobraziliense.com.br\/capital-sa\/wp-json\/wp\/v2\/types\/post"}],"author":[{"embeddable":true,"href":"https:\/\/blogs.correiobraziliense.com.br\/capital-sa\/wp-json\/wp\/v2\/users\/125"}],"replies":[{"embeddable":true,"href":"https:\/\/blogs.correiobraziliense.com.br\/capital-sa\/wp-json\/wp\/v2\/comments?post=3848"}],"version-history":[{"count":2,"href":"https:\/\/blogs.correiobraziliense.com.br\/capital-sa\/wp-json\/wp\/v2\/posts\/3848\/revisions"}],"predecessor-version":[{"id":3850,"href":"https:\/\/blogs.correiobraziliense.com.br\/capital-sa\/wp-json\/wp\/v2\/posts\/3848\/revisions\/3850"}],"wp:attachment":[{"href":"https:\/\/blogs.correiobraziliense.com.br\/capital-sa\/wp-json\/wp\/v2\/media?parent=3848"}],"wp:term":[{"taxonomy":"category","embeddable":true,"href":"https:\/\/blogs.correiobraziliense.com.br\/capital-sa\/wp-json\/wp\/v2\/categories?post=3848"},{"taxonomy":"post_tag","embeddable":true,"href":"https:\/\/blogs.correiobraziliense.com.br\/capital-sa\/wp-json\/wp\/v2\/tags?post=3848"}],"curies":[{"name":"wp","href":"https:\/\/api.w.org\/{rel}","templated":true}]}}