{"id":3843,"date":"2021-06-25T17:30:10","date_gmt":"2021-06-25T20:30:10","guid":{"rendered":"https:\/\/blogs.correiobraziliense.com.br\/capital-sa\/?p=3843"},"modified":"2021-06-25T17:32:13","modified_gmt":"2021-06-25T20:32:13","slug":"venda-de-imoveis-no-df-cresce-10995-e-ultrapassa-r-2-bi","status":"publish","type":"post","link":"https:\/\/blogs.correiobraziliense.com.br\/capital-sa\/2021\/06\/25\/venda-de-imoveis-no-df-cresce-10995-e-ultrapassa-r-2-bi\/","title":{"rendered":"Venda de im\u00f3veis no DF cresce 110% e ultrapassa R$ 2 bi"},"content":{"rendered":"<p class=\"p1\">O Boletim de Conjuntura Imobili\u00e1ria de junho divulgado pelo Sindicato da Habita\u00e7\u00e3o do Distrito Federal (SECOVI\/DF) demonstra a sequ\u00eancia de alta na venda de im\u00f3veis no DF registrando um aumento de 109,95% no n\u00famero de negocia\u00e7\u00f5es imobili\u00e1rias em rela\u00e7\u00e3o ao mesmo per\u00edodo de 2020. O volume geral de vendas &#8211; VGV &#8211; de Janeiro a Maio de 2021 \u00e9 o maior da s\u00e9rie hist\u00f3rica com o recorde de R$ 9,67 bilh\u00f5es em venda.\u00a0 Isso supera em 81% o mesmo per\u00edodo em 2020.<\/p>\n<p class=\"p1\"><span class=\"s1\">O m\u00eas de maio foi o terceiro m\u00eas em que o VGV passa de R$ 2 bilh\u00f5es. O recorde hist\u00f3rico foi em outubro de 2020 com R$<span class=\"Apple-converted-space\">\u00a0 <\/span>2,253 bilh\u00f5es.<\/span><\/p>\n<p class=\"p1\"><span class=\"s1\">\u201cN\u00e3o tem a menor d\u00favida: im\u00f3vel \u00e9 o melhor investimento, principalmente na capital federal que voc\u00ea tem um adensamento populacional de pelo menos 10 mil pessoas por ano, segundo dados do IBGE. O adensamento do ano passado foi de 1,3% da popula\u00e7\u00e3o, ou seja, quase 40 mil habitantes. Ent\u00e3o s\u00f3 para atender essa demanda, precisam ser produzidos 10 mil im\u00f3veis por ano\u201d, aponta o presidente do Secovi DF, Ovidio Maia.<\/span><\/p>\n<p class=\"p1\"><span class=\"s1\">Financiamentos <\/span><\/p>\n<p class=\"p1\"><span class=\"s1\">O valor de financiamentos imobili\u00e1rios tamb\u00e9m segue em curva ascendente, com um montante de R$ 16,7 bilh\u00f5es de reais financiados somente em abril. O que, de acordo com a ABECIP (Associa\u00e7\u00e3o Brasileira das Entidades de Cr\u00e9dito Imobili\u00e1rio e Poupan\u00e7a) equivale a um aumento de 149,22%, em rela\u00e7\u00e3o ao ano passado.<\/span><\/p>\n<p class=\"p1\"><span class=\"s1\">ITBI <\/span><\/p>\n<p class=\"p1\"><span class=\"s1\">Segundo dados do Sistema Integral de Gest\u00e3o Governamental e que se referem ao<span class=\"Apple-converted-space\">\u00a0 <\/span>Imposto de Transmiss\u00e3o de Bens Im\u00f3veis, o ITBI, que \u00e9 o tributo pago pelo comprador de um im\u00f3vel para oficializar a negocia\u00e7\u00e3o. O valor arrecadado no m\u00eas de maio ficou acima de 61 milh\u00f5es de reais. J\u00e1, em compara\u00e7\u00e3o com o m\u00eas de abril, a varia\u00e7\u00e3o foi de 3,93%.<\/span><\/p>\n<p class=\"p1\"><span class=\"s1\">O \u00cdndice Secovi, que \u00e9 um indicador agregado de varia\u00e7\u00e3o de pre\u00e7os no mercado imobili\u00e1rio do Distrito Federal, calculado para os im\u00f3veis destinados \u00e0 venda (\u00cdndice Comercializa\u00e7\u00e3o) tamb\u00e9m<span class=\"Apple-converted-space\">\u00a0 <\/span>confirma essa tend\u00eancia de alta. O m\u00eas de maio registrou uma varia\u00e7\u00e3o positiva, em rela\u00e7\u00e3o ao m\u00eas de abril, de 2,84%. J\u00e1, a varia\u00e7\u00e3o acumulada nos \u00faltimos 12 meses foi de 14,68%.<\/span><\/p>\n<p class=\"p1\"><span class=\"s1\">Loca\u00e7\u00f5es <\/span><\/p>\n<p class=\"p1\"><span class=\"s1\">O \u00cdndice de Loca\u00e7\u00e3o tamb\u00e9m segue uma varia\u00e7\u00e3o positiva de 2,44% em rela\u00e7\u00e3o ao m\u00eas anterior, registrando uma varia\u00e7\u00e3o acumulada nos \u00faltimos 12 meses de 23,47%.<\/span><\/p>\n<p class=\"p1\"><span class=\"s1\">Segundo o boletim, no tocante \u00e0 rentabilidade imobili\u00e1ria destaque para o Setor de Ind\u00fastria com 1,96% de rentabilidade na categoria de lojas. <\/span><\/p>\n<p class=\"p1\"><span class=\"s1\">J\u00e1 em rela\u00e7\u00e3o aos im\u00f3veis residenciais, o Guar\u00e1 foi a regi\u00e3o com maior rentabilidade na categoria de apartamento<span class=\"Apple-converted-space\">\u00a0 <\/span>com 3 dormit\u00f3rios (0,47%).<\/span><\/p>\n","protected":false},"excerpt":{"rendered":"<p>O Boletim de Conjuntura Imobili\u00e1ria de junho divulgado pelo Sindicato da Habita\u00e7\u00e3o do Distrito Federal (SECOVI\/DF) demonstra a sequ\u00eancia de alta na venda de im\u00f3veis no DF registrando um aumento de 109,95% no n\u00famero de negocia\u00e7\u00f5es imobili\u00e1rias em rela\u00e7\u00e3o ao mesmo per\u00edodo de 2020. O volume geral de vendas &#8211; VGV &#8211; de Janeiro a Maio de 2021 \u00e9 o [&hellip;]<\/p>\n","protected":false},"author":125,"featured_media":0,"comment_status":"open","ping_status":"open","sticky":false,"template":"","format":"standard","meta":{"footnotes":""},"categories":[6],"tags":[],"class_list":["post-3843","post","type-post","status-publish","format-standard","hentry","category-coluna-capital-s-a"],"_links":{"self":[{"href":"https:\/\/blogs.correiobraziliense.com.br\/capital-sa\/wp-json\/wp\/v2\/posts\/3843","targetHints":{"allow":["GET"]}}],"collection":[{"href":"https:\/\/blogs.correiobraziliense.com.br\/capital-sa\/wp-json\/wp\/v2\/posts"}],"about":[{"href":"https:\/\/blogs.correiobraziliense.com.br\/capital-sa\/wp-json\/wp\/v2\/types\/post"}],"author":[{"embeddable":true,"href":"https:\/\/blogs.correiobraziliense.com.br\/capital-sa\/wp-json\/wp\/v2\/users\/125"}],"replies":[{"embeddable":true,"href":"https:\/\/blogs.correiobraziliense.com.br\/capital-sa\/wp-json\/wp\/v2\/comments?post=3843"}],"version-history":[{"count":3,"href":"https:\/\/blogs.correiobraziliense.com.br\/capital-sa\/wp-json\/wp\/v2\/posts\/3843\/revisions"}],"predecessor-version":[{"id":3847,"href":"https:\/\/blogs.correiobraziliense.com.br\/capital-sa\/wp-json\/wp\/v2\/posts\/3843\/revisions\/3847"}],"wp:attachment":[{"href":"https:\/\/blogs.correiobraziliense.com.br\/capital-sa\/wp-json\/wp\/v2\/media?parent=3843"}],"wp:term":[{"taxonomy":"category","embeddable":true,"href":"https:\/\/blogs.correiobraziliense.com.br\/capital-sa\/wp-json\/wp\/v2\/categories?post=3843"},{"taxonomy":"post_tag","embeddable":true,"href":"https:\/\/blogs.correiobraziliense.com.br\/capital-sa\/wp-json\/wp\/v2\/tags?post=3843"}],"curies":[{"name":"wp","href":"https:\/\/api.w.org\/{rel}","templated":true}]}}