{"id":3559,"date":"2021-05-28T14:09:28","date_gmt":"2021-05-28T17:09:28","guid":{"rendered":"https:\/\/blogs.correiobraziliense.com.br\/capital-sa\/?p=3559"},"modified":"2021-05-28T14:50:18","modified_gmt":"2021-05-28T17:50:18","slug":"galeria-elepe-espaco-de-arte-e-charme-no-gilberto","status":"publish","type":"post","link":"https:\/\/blogs.correiobraziliense.com.br\/capital-sa\/2021\/05\/28\/galeria-elepe-espaco-de-arte-e-charme-no-gilberto\/","title":{"rendered":"Galeria \u00c9lep\u00ea, espa\u00e7o de arte e charme no Gilberto"},"content":{"rendered":"<p><span class=\"s4\"><span class=\"bumpedFont15\">Por Samanta Sallum\u00a0<\/span><\/span><\/p>\n<p><span class=\"s2\"><span class=\"bumpedFont15\">O mineiro Roberto <\/span><\/span><span class=\"s2\"><span class=\"bumpedFont15\">Corrieri<\/span><\/span><span class=\"s2\"><span class=\"bumpedFont15\">, 46 anos, cresceu respirando arte com a influ\u00eancia dos pais e av\u00f3s. Aos 24, adquiriu as<\/span><\/span> <span class=\"s2\"><span class=\"bumpedFont15\">primeiras duas obras ainda em Belo Horizonte. Quando se mudou para Bras\u00edlia, aos 29, j\u00e1 possu\u00eda um pequeno acervo. \u201cA modernidade de Bras\u00edlia abriu meus olhos e fez com que minha cole\u00e7\u00e3o desse uma guinada radical, que se perpetua at\u00e9 hoje.\u201d<br \/>\n<\/span><\/span><\/p>\n<p><span class=\"s2\"><span class=\"bumpedFont15\">Com um s\u00f3cio, decidiu abrir, h\u00e1 5 anos, a <\/span><\/span><span class=\"s2\"><span class=\"bumpedFont15\">\u00c9lep\u00ea<\/span><\/span><span class=\"s2\"><span class=\"bumpedFont15\"> Galeria de Arte. O charmoso espa\u00e7o fica no Gilberto Salom\u00e3o, num ambiente um pouco escondido que guarda preciosidades de Burle Marx, Athos Bulc\u00e3o, Fernando <\/span><\/span><span class=\"s2\"><span class=\"bumpedFont15\">Lucchese<\/span><\/span><span class=\"s2\"><span class=\"bumpedFont15\">, Fernando Velloso, Siron Franco, Alfredo <\/span><\/span><span class=\"s2\"><span class=\"bumpedFont15\">Ceschiatti<\/span><\/span><span class=\"s2\"><span class=\"bumpedFont15\">, entre outros.<br \/>\n<\/span><\/span><\/p>\n<p><span class=\"s4\"><span class=\"bumpedFont15\"><b>Artistas exclusivos<\/b><br \/>\n<\/span><\/span><\/p>\n<p><span class=\"s2\"><span class=\"bumpedFont15\">Betinho, como \u00e9 conhecido, \u00e9 advogado de forma\u00e7\u00e3o e tem um escrit\u00f3rio na capital. Apesar de o direito tomar grande parte do seu tempo, ele n\u00e3o <\/span><\/span><span class=\"s2\"><span class=\"bumpedFont15\">abre m\u00e3o<\/span><\/span> <span class=\"s2\"><span class=\"bumpedFont15\">da<\/span><\/span><span class=\"s2\"><span class=\"bumpedFont15\"> arte e sonha em poder no futuro se dedicar exclusivamente \u00e0 galeria. Ele representa tamb\u00e9m alguns artistas com exclusividade, como Fernando Velloso, Humberto Hermeto, Andr\u00e9 Pinheiro e <\/span><\/span><span class=\"s2\"><span class=\"bumpedFont15\">Glaucio<\/span><\/span><span class=\"s2\"><span class=\"bumpedFont15\"> Caldeira. A galeria<\/span><\/span> <span class=\"s2\"><span class=\"bumpedFont15\">funciona mediante agendamento. \u00c0s sextas \u00e0 tarde e aos s\u00e1bados, fica animada com o movimento de amigos.<\/span><\/span><span class=\"s4\"><span class=\"bumpedFont15\"><br \/>\n<\/span><\/span><span class=\"s4\"><span class=\"bumpedFont15\"><br \/>\n<\/span><\/span><span class=\"s3\"><span class=\"bumpedFont15\"><b>Feira de Antiguidades<\/b><\/span><\/span><span class=\"s4\"><span class=\"bumpedFont15\"><br \/>\n<\/span><\/span><span class=\"s4\"><span class=\"bumpedFont15\"><br \/>\n<\/span><\/span><span class=\"s2\"><span class=\"bumpedFont15\">Recentemente, Betinho assumiu a organiza\u00e7\u00e3o da antiga feira de antiguidades do Gilberto Salom\u00e3o, agora chamada MERCATO <\/span><\/span><span class=\"s2\"><span class=\"bumpedFont15\">Arte+Antiguidades+Design<\/span><\/span><span class=\"s2\"><span class=\"bumpedFont15\">.<\/span><\/span><span class=\"s4\"><span class=\"bumpedFont15\"><br \/>\n<\/span><\/span><span class=\"s2\"><span class=\"bumpedFont15\">\u201cSem deixar para tr\u00e1s os antigos expositores, hoje visamos atrair um p\u00fablico novo e jovem, antenado em boa arte e design\u201d, conta. Amanh\u00e3 e domingo tem feira.<\/span><\/span><span class=\"s4\"><span class=\"bumpedFont15\"><br \/>\n<\/span><\/span><span class=\"s2\"><span class=\"bumpedFont15\">A MERCATO acontece sempre no \u00faltimo fim de semana de cada m\u00eas com gastronomia e m\u00fasica ao vivo.<\/span><\/span><\/p>\n","protected":false},"excerpt":{"rendered":"<p>Por Samanta Sallum\u00a0 O mineiro Roberto Corrieri, 46 anos, cresceu respirando arte com a influ\u00eancia dos pais e av\u00f3s. Aos 24, adquiriu as primeiras duas obras ainda em Belo Horizonte. Quando se mudou para Bras\u00edlia, aos 29, j\u00e1 possu\u00eda um pequeno acervo. \u201cA modernidade de Bras\u00edlia abriu meus olhos e fez com que minha cole\u00e7\u00e3o desse uma guinada radical, que [&hellip;]<\/p>\n","protected":false},"author":125,"featured_media":3566,"comment_status":"open","ping_status":"open","sticky":false,"template":"","format":"standard","meta":{"footnotes":""},"categories":[6],"tags":[],"class_list":["post-3559","post","type-post","status-publish","format-standard","has-post-thumbnail","hentry","category-coluna-capital-s-a"],"_links":{"self":[{"href":"https:\/\/blogs.correiobraziliense.com.br\/capital-sa\/wp-json\/wp\/v2\/posts\/3559","targetHints":{"allow":["GET"]}}],"collection":[{"href":"https:\/\/blogs.correiobraziliense.com.br\/capital-sa\/wp-json\/wp\/v2\/posts"}],"about":[{"href":"https:\/\/blogs.correiobraziliense.com.br\/capital-sa\/wp-json\/wp\/v2\/types\/post"}],"author":[{"embeddable":true,"href":"https:\/\/blogs.correiobraziliense.com.br\/capital-sa\/wp-json\/wp\/v2\/users\/125"}],"replies":[{"embeddable":true,"href":"https:\/\/blogs.correiobraziliense.com.br\/capital-sa\/wp-json\/wp\/v2\/comments?post=3559"}],"version-history":[{"count":4,"href":"https:\/\/blogs.correiobraziliense.com.br\/capital-sa\/wp-json\/wp\/v2\/posts\/3559\/revisions"}],"predecessor-version":[{"id":3563,"href":"https:\/\/blogs.correiobraziliense.com.br\/capital-sa\/wp-json\/wp\/v2\/posts\/3559\/revisions\/3563"}],"wp:featuredmedia":[{"embeddable":true,"href":"https:\/\/blogs.correiobraziliense.com.br\/capital-sa\/wp-json\/wp\/v2\/media\/3566"}],"wp:attachment":[{"href":"https:\/\/blogs.correiobraziliense.com.br\/capital-sa\/wp-json\/wp\/v2\/media?parent=3559"}],"wp:term":[{"taxonomy":"category","embeddable":true,"href":"https:\/\/blogs.correiobraziliense.com.br\/capital-sa\/wp-json\/wp\/v2\/categories?post=3559"},{"taxonomy":"post_tag","embeddable":true,"href":"https:\/\/blogs.correiobraziliense.com.br\/capital-sa\/wp-json\/wp\/v2\/tags?post=3559"}],"curies":[{"name":"wp","href":"https:\/\/api.w.org\/{rel}","templated":true}]}}