{"id":3534,"date":"2021-05-27T15:25:56","date_gmt":"2021-05-27T18:25:56","guid":{"rendered":"https:\/\/blogs.correiobraziliense.com.br\/capital-sa\/?p=3534"},"modified":"2021-05-27T15:25:56","modified_gmt":"2021-05-27T18:25:56","slug":"com-investimento-privado-mais-102-leitos-serao-abertos-amanha-para-tratar-covid-em-samambaia","status":"publish","type":"post","link":"https:\/\/blogs.correiobraziliense.com.br\/capital-sa\/2021\/05\/27\/com-investimento-privado-mais-102-leitos-serao-abertos-amanha-para-tratar-covid-em-samambaia\/","title":{"rendered":"Com investimento privado, mais 102 leitos ser\u00e3o abertos amanh\u00e3 para tratar Covid em Samambaia"},"content":{"rendered":"<p class=\"s3\"><span class=\"s5\"><span class=\"bumpedFont15\">Por Samanta Sallum\u00a0<\/span><\/span><\/p>\n<p class=\"s3\"><span class=\"s2\"><span class=\"bumpedFont15\">Financiada com recursos doados pelo setor privado, a expans\u00e3o do Hospital Regional de Samambaia ser\u00e1 inaugurada amanh\u00e3. Com 102 leitos equipados para atendimento intensivo, a unidade ampliar\u00e1 a capacidade de tratamento a pacientes com \u00a0Covid-19. O andamento da obra foi apresentado ontem pelo engenheiro civil Humberto Navarro durante reuni\u00e3o virtual para a\u00a0<\/span><\/span><span class=\"s2\"><span class=\"bumpedFont15\">diretoria da <\/span><\/span><span class=\"s2\"><span class=\"bumpedFont15\">Ademi<\/span><\/span><span class=\"s2\"><span class=\"bumpedFont15\">&#8211;<\/span><\/span><span class=\"s2\"><span class=\"bumpedFont15\">DF.<\/span><\/span><span class=\"s5\"><span class=\"bumpedFont15\"><br \/>\n<\/span><\/span><span class=\"s5\"><span class=\"bumpedFont15\"><br \/>\n<\/span><\/span><span class=\"s4\"><span class=\"bumpedFont15\"><b>Doa\u00e7\u00e3o ao BRB<\/b><\/span><\/span><span class=\"s6\"><span class=\"bumpedFont15\"><br \/>\n<\/span><\/span><span class=\"s5\"><span class=\"bumpedFont15\"><br \/>\n<\/span><\/span><span class=\"s2\"><span class=\"bumpedFont15\">O setor da constru\u00e7\u00e3o investiu cerca de R$ 700 mil no novo hospital. A doa\u00e7\u00e3o foi articulada conjuntamente pela <\/span><\/span><span class=\"s2\"><span class=\"bumpedFont15\">Ademi<\/span><\/span><span class=\"s2\"><span class=\"bumpedFont15\">&#8211;<\/span><\/span><span class=\"s2\"><span class=\"bumpedFont15\">DF e pelo Sinduscon-DF. A pedido do Instituto BRB, que coordena o projeto para o GDF, as duas institui\u00e7\u00f5es contrataram o<\/span><\/span><span class=\"s5\"><span class=\"bumpedFont15\"><br \/>\n<\/span><\/span><span class=\"s2\"><span class=\"bumpedFont15\">engenheiro para o acompanhamento t\u00e9cnico e a fiscaliza\u00e7\u00e3o da execu\u00e7\u00e3o das obras.<\/span><\/span><span class=\"s5\"><span class=\"bumpedFont15\"><br \/>\n<\/span><\/span><span class=\"s6\"><span class=\"bumpedFont15\"><br \/>\n<\/span><\/span><span class=\"s4\"><span class=\"bumpedFont15\"><b>Legado para o DF<\/b><\/span><\/span><span class=\"s5\"><span class=\"bumpedFont15\"><br \/>\n<\/span><\/span><span class=\"s5\"><span class=\"bumpedFont15\"><br \/>\n<\/span><\/span><span class=\"s2\"><span class=\"bumpedFont15\">\u201cA expans\u00e3o do hospital continuar\u00e1 a servi\u00e7o da popula\u00e7\u00e3o quando a crise sanit\u00e1ria estiver controlada, e esse \u00e9 um legado importante para a <\/span><\/span><span class=\"s2\"><span class=\"bumpedFont15\">Ademi<\/span><\/span><span class=\"s2\"><span class=\"bumpedFont15\">&#8211;<\/span><\/span><span class=\"s2\"><span class=\"bumpedFont15\">DF\u201d, diz Eduardo Aroeira Almeida, presidente da entidade, que tamb\u00e9m visitou pessoalmente as obras.<\/span><\/span><\/p>\n<p class=\"s3\">\n","protected":false},"excerpt":{"rendered":"<p>Por Samanta Sallum\u00a0 Financiada com recursos doados pelo setor privado, a expans\u00e3o do Hospital Regional de Samambaia ser\u00e1 inaugurada amanh\u00e3. Com 102 leitos equipados para atendimento intensivo, a unidade ampliar\u00e1 a capacidade de tratamento a pacientes com \u00a0Covid-19. O andamento da obra foi apresentado ontem pelo engenheiro civil Humberto Navarro durante reuni\u00e3o virtual para a\u00a0diretoria da Ademi&#8211;DF. Doa\u00e7\u00e3o ao BRB [&hellip;]<\/p>\n","protected":false},"author":125,"featured_media":0,"comment_status":"open","ping_status":"open","sticky":false,"template":"","format":"standard","meta":{"footnotes":""},"categories":[6],"tags":[],"class_list":["post-3534","post","type-post","status-publish","format-standard","hentry","category-coluna-capital-s-a"],"_links":{"self":[{"href":"https:\/\/blogs.correiobraziliense.com.br\/capital-sa\/wp-json\/wp\/v2\/posts\/3534","targetHints":{"allow":["GET"]}}],"collection":[{"href":"https:\/\/blogs.correiobraziliense.com.br\/capital-sa\/wp-json\/wp\/v2\/posts"}],"about":[{"href":"https:\/\/blogs.correiobraziliense.com.br\/capital-sa\/wp-json\/wp\/v2\/types\/post"}],"author":[{"embeddable":true,"href":"https:\/\/blogs.correiobraziliense.com.br\/capital-sa\/wp-json\/wp\/v2\/users\/125"}],"replies":[{"embeddable":true,"href":"https:\/\/blogs.correiobraziliense.com.br\/capital-sa\/wp-json\/wp\/v2\/comments?post=3534"}],"version-history":[{"count":8,"href":"https:\/\/blogs.correiobraziliense.com.br\/capital-sa\/wp-json\/wp\/v2\/posts\/3534\/revisions"}],"predecessor-version":[{"id":3543,"href":"https:\/\/blogs.correiobraziliense.com.br\/capital-sa\/wp-json\/wp\/v2\/posts\/3534\/revisions\/3543"}],"wp:attachment":[{"href":"https:\/\/blogs.correiobraziliense.com.br\/capital-sa\/wp-json\/wp\/v2\/media?parent=3534"}],"wp:term":[{"taxonomy":"category","embeddable":true,"href":"https:\/\/blogs.correiobraziliense.com.br\/capital-sa\/wp-json\/wp\/v2\/categories?post=3534"},{"taxonomy":"post_tag","embeddable":true,"href":"https:\/\/blogs.correiobraziliense.com.br\/capital-sa\/wp-json\/wp\/v2\/tags?post=3534"}],"curies":[{"name":"wp","href":"https:\/\/api.w.org\/{rel}","templated":true}]}}