{"id":3435,"date":"2021-05-21T10:39:32","date_gmt":"2021-05-21T13:39:32","guid":{"rendered":"https:\/\/blogs.correiobraziliense.com.br\/capital-sa\/?p=3435"},"modified":"2021-05-21T10:41:58","modified_gmt":"2021-05-21T13:41:58","slug":"rede-plaza-inova-para-atrair-hospedes-da-cidade","status":"publish","type":"post","link":"https:\/\/blogs.correiobraziliense.com.br\/capital-sa\/2021\/05\/21\/rede-plaza-inova-para-atrair-hospedes-da-cidade\/","title":{"rendered":"Rede Plaza inova para atrair h\u00f3spedes da cidade"},"content":{"rendered":"<p><span class=\"s2\"><span class=\"bumpedFont15\">O setor hoteleiro foi um dos mais afetados pela pandemia no DF. Mas tamb\u00e9m se reinventa para superar a crise. Se os turistas ficaram escassos, a alternativa foi atrair e cativar h\u00f3spedes da pr\u00f3pria cidade aprimorando pacotes de fim de semana que oferecem experi\u00eancias de lazer, descanso e de gastronomia. Outra aposta foi abrir mais vagas ao cliente mensalista. A ideia \u00e9 <\/span><\/span><span class=\"s2\"><span class=\"bumpedFont15\">conquistar<\/span><\/span><span class=\"s2\"><span class=\"bumpedFont15\"> h\u00f3spedes permanentes, que fazem do espa\u00e7o seu lar com a vantagem de todos os servi\u00e7os de hotelaria, al\u00e9m de se livrar de despesas como IPTU e condom\u00ednio.<\/span><\/span><span class=\"s6\"><span class=\"bumpedFont15\"><br \/>\n<\/span><\/span><span class=\"s6\"><span class=\"bumpedFont15\"><br \/>\n<\/span><\/span><span class=\"s4\"><span class=\"bumpedFont15\"><b>Seguran\u00e7a sanit\u00e1ria<\/b><\/span><\/span><span class=\"s5\"><span class=\"bumpedFont15\"><br \/>\n<\/span><\/span><span class=\"s6\"><span class=\"bumpedFont15\"><br \/>\n<\/span><\/span><span class=\"s2\"><span class=\"bumpedFont15\">O diretor-superintendente da Rede Plaza Bras\u00edlia de Hot\u00e9is, Andr\u00e9 Oct\u00e1vio Kubitschek, fez uma an\u00e1lise para a coluna sobre o segmento, que enfrenta forte instabilidade desde o in\u00edcio da pandemia da Covid-19. Para o jovem executivo, de 28 anos, foi preciso investir em seguran\u00e7a sanit\u00e1ria e alternativas de hospedagem.<\/span><\/span><span class=\"s6\"><span class=\"bumpedFont15\"><br \/>\n<\/span><\/span><span class=\"s6\"><span class=\"bumpedFont15\"><br \/>\n<\/span><\/span><span class=\"s4\"><span class=\"bumpedFont15\"><b>Facilidades<\/b><\/span><\/span><span class=\"s6\"><span class=\"bumpedFont15\"><br \/>\n<\/span><\/span><span class=\"s6\"><span class=\"bumpedFont15\"><br \/>\n<\/span><\/span><span class=\"s2\"><span class=\"bumpedFont15\">\u201cNos nossos hot\u00e9is, o valor mensal sai, em m\u00e9dia, a R$ 1.900. Isso inclui vaga de garagem, seguran\u00e7a, arruma\u00e7\u00e3o di\u00e1ria e troca semanal dos enxovais, al\u00e9m de TV a cabo<\/span><\/span><span class=\"s2\"><span class=\"bumpedFont15\"> e<\/span><\/span><span class=\"s2\"><span class=\"bumpedFont15\"> internet de alta velocidade. \u00c9 um momento prop\u00edcio para quem est\u00e1 procurando uma moradia segura e com servi\u00e7os\u201d, aponta.<\/span><\/span><\/p>\n<p><span class=\"s6\"><span class=\"bumpedFont15\"><img loading=\"lazy\" decoding=\"async\" class=\"aligncenter size-medium wp-image-3442\" src=\"https:\/\/blogs.correiobraziliense.com.br\/capital-sa\/wp-content\/uploads\/sites\/59\/2021\/05\/98E0225D-3CCB-4D34-8857-E6B7EAEC9924-300x274.jpeg\" alt=\"\" width=\"300\" height=\"274\" srcset=\"https:\/\/blogs.correiobraziliense.com.br\/capital-sa\/wp-content\/uploads\/sites\/59\/2021\/05\/98E0225D-3CCB-4D34-8857-E6B7EAEC9924-300x274.jpeg 300w, https:\/\/blogs.correiobraziliense.com.br\/capital-sa\/wp-content\/uploads\/sites\/59\/2021\/05\/98E0225D-3CCB-4D34-8857-E6B7EAEC9924-768x700.jpeg 768w, https:\/\/blogs.correiobraziliense.com.br\/capital-sa\/wp-content\/uploads\/sites\/59\/2021\/05\/98E0225D-3CCB-4D34-8857-E6B7EAEC9924-1024x934.jpeg 1024w, https:\/\/blogs.correiobraziliense.com.br\/capital-sa\/wp-content\/uploads\/sites\/59\/2021\/05\/98E0225D-3CCB-4D34-8857-E6B7EAEC9924-1440x1313.jpeg 1440w, https:\/\/blogs.correiobraziliense.com.br\/capital-sa\/wp-content\/uploads\/sites\/59\/2021\/05\/98E0225D-3CCB-4D34-8857-E6B7EAEC9924-800x729.jpeg 800w, https:\/\/blogs.correiobraziliense.com.br\/capital-sa\/wp-content\/uploads\/sites\/59\/2021\/05\/98E0225D-3CCB-4D34-8857-E6B7EAEC9924-550x501.jpeg 550w, https:\/\/blogs.correiobraziliense.com.br\/capital-sa\/wp-content\/uploads\/sites\/59\/2021\/05\/98E0225D-3CCB-4D34-8857-E6B7EAEC9924-230x210.jpeg 230w\" sizes=\"auto, (max-width: 300px) 100vw, 300px\" \/><\/span><\/span><span class=\"s6\"><span class=\"bumpedFont15\"><br \/>\n<\/span><\/span><span class=\"s4\"><span class=\"bumpedFont15\"><b>Pausa no home office<\/b><\/span><\/span><span class=\"s5\"><span class=\"bumpedFont15\"><br \/>\n<\/span><\/span><span class=\"s5\"><span class=\"bumpedFont15\"><br \/>\n<\/span><\/span><span class=\"s2\"><span class=\"bumpedFont15\">Como o lar de muita gente virou escrit\u00f3rio de trabalho, se hospedar num hotel em feriados ou fins de semana <\/span><\/span><span class=\"s2\"><span class=\"bumpedFont15\">passou a ser<\/span><\/span><span class=\"s2\"><span class=\"bumpedFont15\"> uma forma de simular uma viagem de descanso. Andr\u00e9 Oct<\/span><\/span><span class=\"s2\"><span class=\"bumpedFont15\">\u00e1<\/span><\/span><span class=\"s2\"><span class=\"bumpedFont15\">vio Kubitschek destaca que os pacotes de fins de semana permitem \u00e0s pessoas uma fuga da dura rotina do home office.<\/span><\/span><span class=\"s6\"><span class=\"bumpedFont15\"><br \/>\n<\/span><\/span><span class=\"s6\"><span class=\"bumpedFont15\"><br \/>\n<\/span><\/span><span class=\"s4\"><span class=\"bumpedFont15\"><b>Ao ar livre<\/b><\/span><\/span><span class=\"s6\"><span class=\"bumpedFont15\"><br \/>\n<\/span><\/span><span class=\"s6\"><span class=\"bumpedFont15\"><br \/>\n<\/span><\/span><span class=\"s2\"><span class=\"bumpedFont15\">\u201cTemos obtido um retorno satisfat\u00f3rio. E fizemos investimentos nesse sentido, como aquecer a piscina do Royal <\/span><\/span><span class=\"s2\"><span class=\"bumpedFont15\">Tulip<\/span><\/span><span class=\"s2\"><span class=\"bumpedFont15\">, proporcionando um atrativo extra para <\/span><\/span><span class=\"s2\"><span class=\"bumpedFont15\">os h\u00f3spedes, porque as pessoas passam a ter op\u00e7\u00f5es de um lazer seguro, convidativo e ao ar livre\u201d, destaca.<br \/>\n<\/span><\/span><\/p>\n<p><span class=\"s6\"><span class=\"bumpedFont15\"><b>Mudan\u00e7as na rotina<\/b><br \/>\n<\/span><\/span><\/p>\n<p><span class=\"s2\"><span class=\"bumpedFont15\">Praticamente tudo na atividade hoteleira foi alterado. Seguindo todos os protocolos de higiene determinados pelas autoridades sanit\u00e1rias, uma das atividades mais reformuladas foi o caf\u00e9 da manh\u00e3. \u201cAgora, para se servir, \u00e9 necess\u00e1rio o uso de luvas. Os pratos j\u00e1 est\u00e3o vindo da cozinha prontos e embalados. \u00c9 uma forma de conduzir com mais seguran\u00e7a nossas opera\u00e7\u00f5es. O hotel tem \u00e1lcool em gel em todos os andares e elevadores. Neles, separamos os percursos, com os que sobem dos que descem, al\u00e9m do novo protocolo de sanitiza\u00e7\u00e3o, feito com efici\u00eancia por nossa equipe de limpeza\u201d, conclui.<\/span><\/span><\/p>\n<p>&nbsp;<\/p>\n","protected":false},"excerpt":{"rendered":"<p>O setor hoteleiro foi um dos mais afetados pela pandemia no DF. Mas tamb\u00e9m se reinventa para superar a crise. Se os turistas ficaram escassos, a alternativa foi atrair e cativar h\u00f3spedes da pr\u00f3pria cidade aprimorando pacotes de fim de semana que oferecem experi\u00eancias de lazer, descanso e de gastronomia. Outra aposta foi abrir mais vagas ao cliente mensalista. A [&hellip;]<\/p>\n","protected":false},"author":125,"featured_media":3439,"comment_status":"open","ping_status":"open","sticky":false,"template":"","format":"standard","meta":{"footnotes":""},"categories":[6],"tags":[],"class_list":["post-3435","post","type-post","status-publish","format-standard","has-post-thumbnail","hentry","category-coluna-capital-s-a"],"_links":{"self":[{"href":"https:\/\/blogs.correiobraziliense.com.br\/capital-sa\/wp-json\/wp\/v2\/posts\/3435","targetHints":{"allow":["GET"]}}],"collection":[{"href":"https:\/\/blogs.correiobraziliense.com.br\/capital-sa\/wp-json\/wp\/v2\/posts"}],"about":[{"href":"https:\/\/blogs.correiobraziliense.com.br\/capital-sa\/wp-json\/wp\/v2\/types\/post"}],"author":[{"embeddable":true,"href":"https:\/\/blogs.correiobraziliense.com.br\/capital-sa\/wp-json\/wp\/v2\/users\/125"}],"replies":[{"embeddable":true,"href":"https:\/\/blogs.correiobraziliense.com.br\/capital-sa\/wp-json\/wp\/v2\/comments?post=3435"}],"version-history":[{"count":5,"href":"https:\/\/blogs.correiobraziliense.com.br\/capital-sa\/wp-json\/wp\/v2\/posts\/3435\/revisions"}],"predecessor-version":[{"id":3444,"href":"https:\/\/blogs.correiobraziliense.com.br\/capital-sa\/wp-json\/wp\/v2\/posts\/3435\/revisions\/3444"}],"wp:featuredmedia":[{"embeddable":true,"href":"https:\/\/blogs.correiobraziliense.com.br\/capital-sa\/wp-json\/wp\/v2\/media\/3439"}],"wp:attachment":[{"href":"https:\/\/blogs.correiobraziliense.com.br\/capital-sa\/wp-json\/wp\/v2\/media?parent=3435"}],"wp:term":[{"taxonomy":"category","embeddable":true,"href":"https:\/\/blogs.correiobraziliense.com.br\/capital-sa\/wp-json\/wp\/v2\/categories?post=3435"},{"taxonomy":"post_tag","embeddable":true,"href":"https:\/\/blogs.correiobraziliense.com.br\/capital-sa\/wp-json\/wp\/v2\/tags?post=3435"}],"curies":[{"name":"wp","href":"https:\/\/api.w.org\/{rel}","templated":true}]}}