{"id":3431,"date":"2021-05-20T14:08:20","date_gmt":"2021-05-20T17:08:20","guid":{"rendered":"https:\/\/blogs.correiobraziliense.com.br\/capital-sa\/?p=3431"},"modified":"2021-05-20T14:08:20","modified_gmt":"2021-05-20T17:08:20","slug":"sindiatacadista-df-doa-2-mil-cestas-basicas","status":"publish","type":"post","link":"https:\/\/blogs.correiobraziliense.com.br\/capital-sa\/2021\/05\/20\/sindiatacadista-df-doa-2-mil-cestas-basicas\/","title":{"rendered":"Sindiatacadista-DF doa  2 mil cestas b\u00e1sicas"},"content":{"rendered":"<p class=\"p1\">Para apoiar o trabalho do GDF de apoio a institui\u00e7\u00f5es que atendem comunidades carentes na pandemia, o Sindiatacadista\/DF mobilizou empres\u00e1rios para doar 2\u00a0 mil cestas b\u00e1sicas. \u00c9 a segunda edi\u00e7\u00e3o da campanha &#8220;Doar \u00e9 ser solid\u00e1rio&#8221;.<\/p>\n<p class=\"p1\"><span class=\"s1\">Participou da entrega de parte das doa\u00e7\u00f5es na Mitra Arquidiocesana de Bras\u00edlia, representando o governador Ibaneis Rocha, o secret\u00e1rio de Economia do DF, Andr\u00e9 Clemente. Ele elogiou a iniciativa do sindicato: \u201cMuito importante o setor produtivo do DF, que tamb\u00e9m est\u00e1 sofrendo com a pandemia, apoiar o trabalho social realizado por estas institui\u00e7\u00f5es\u201d, afirmou.<\/span><\/p>\n<p class=\"p1\"><span class=\"s1\">\u00a0<\/span>Para o presidente do Sindiatacadista\/DF, Lysipo Gomide, a campanha demonstra a sensibilidade dos empres\u00e1rios em meio \u00e0 crise. \u201cAgradecemos \u00e0s empresas atacadistas do DF, que deram exemplo de solidariedade, num momento t\u00e3o dif\u00edcil como o que estamos atravessando.\u201d<\/p>\n","protected":false},"excerpt":{"rendered":"<p>Para apoiar o trabalho do GDF de apoio a institui\u00e7\u00f5es que atendem comunidades carentes na pandemia, o Sindiatacadista\/DF mobilizou empres\u00e1rios para doar 2\u00a0 mil cestas b\u00e1sicas. \u00c9 a segunda edi\u00e7\u00e3o da campanha &#8220;Doar \u00e9 ser solid\u00e1rio&#8221;. Participou da entrega de parte das doa\u00e7\u00f5es na Mitra Arquidiocesana de Bras\u00edlia, representando o governador Ibaneis Rocha, o secret\u00e1rio de Economia do DF, Andr\u00e9 [&hellip;]<\/p>\n","protected":false},"author":125,"featured_media":0,"comment_status":"open","ping_status":"open","sticky":false,"template":"","format":"standard","meta":{"footnotes":""},"categories":[6],"tags":[],"class_list":["post-3431","post","type-post","status-publish","format-standard","hentry","category-coluna-capital-s-a"],"_links":{"self":[{"href":"https:\/\/blogs.correiobraziliense.com.br\/capital-sa\/wp-json\/wp\/v2\/posts\/3431","targetHints":{"allow":["GET"]}}],"collection":[{"href":"https:\/\/blogs.correiobraziliense.com.br\/capital-sa\/wp-json\/wp\/v2\/posts"}],"about":[{"href":"https:\/\/blogs.correiobraziliense.com.br\/capital-sa\/wp-json\/wp\/v2\/types\/post"}],"author":[{"embeddable":true,"href":"https:\/\/blogs.correiobraziliense.com.br\/capital-sa\/wp-json\/wp\/v2\/users\/125"}],"replies":[{"embeddable":true,"href":"https:\/\/blogs.correiobraziliense.com.br\/capital-sa\/wp-json\/wp\/v2\/comments?post=3431"}],"version-history":[{"count":2,"href":"https:\/\/blogs.correiobraziliense.com.br\/capital-sa\/wp-json\/wp\/v2\/posts\/3431\/revisions"}],"predecessor-version":[{"id":3433,"href":"https:\/\/blogs.correiobraziliense.com.br\/capital-sa\/wp-json\/wp\/v2\/posts\/3431\/revisions\/3433"}],"wp:attachment":[{"href":"https:\/\/blogs.correiobraziliense.com.br\/capital-sa\/wp-json\/wp\/v2\/media?parent=3431"}],"wp:term":[{"taxonomy":"category","embeddable":true,"href":"https:\/\/blogs.correiobraziliense.com.br\/capital-sa\/wp-json\/wp\/v2\/categories?post=3431"},{"taxonomy":"post_tag","embeddable":true,"href":"https:\/\/blogs.correiobraziliense.com.br\/capital-sa\/wp-json\/wp\/v2\/tags?post=3431"}],"curies":[{"name":"wp","href":"https:\/\/api.w.org\/{rel}","templated":true}]}}