{"id":3352,"date":"2021-05-12T09:32:49","date_gmt":"2021-05-12T12:32:49","guid":{"rendered":"https:\/\/blogs.correiobraziliense.com.br\/capital-sa\/?p=3352"},"modified":"2021-05-12T09:38:33","modified_gmt":"2021-05-12T12:38:33","slug":"sinduscon-reelege-diretoria","status":"publish","type":"post","link":"https:\/\/blogs.correiobraziliense.com.br\/capital-sa\/2021\/05\/12\/sinduscon-reelege-diretoria\/","title":{"rendered":"Sinduscon reelege diretoria"},"content":{"rendered":"<p>Seguindo a tradi\u00e7\u00e3o da entidade de escolher por chapa \u00fanica a diretoria, Dionyzio Klavdianos foi reeleito ontem \u00e0 presid\u00eancia do Sindicato da Ind\u00fastria da Constru\u00e7\u00e3o Civil do DF (Sinduscon). Para o bi\u00eanio 2021-2023, foi eleita a chapa Reconstru\u00e7\u00e3o. Os cargos de 1\u00b0 vice-presidente e vice-presidente Administrativo-Financeiro continuam sob responsabilidade de Roberto Botelho e Adalberto Valad\u00e3o J\u00fanior, respectivamente. Marcelo Machado Guimar\u00e3es tamb\u00e9m foi reeleito para o Seconci-DF, Servi\u00e7o Social da Ind\u00fastria da Constru\u00e7\u00e3o Civil.<\/p>\n<p><strong>Maior PIB<\/strong><br \/>\nO Sinduscon no DF re\u00fane 200 empresas associadas, que geram atualmente 50 mil empregos diretos e formais. O setor representa 83% do PIB da ind\u00fastria na capital federal. Segundo Dionyzio Klavdianos, a entidade enfrentou positivamente as dificuldades impostas pelo fim da obrigatoriedade da contribui\u00e7\u00e3o sindical e pela pandemia da covid-19. \u201cEstamos reconstruindo o sindicato e buscando novos caminhos para contribuir com o empres\u00e1rio do setor e a sociedade de Bras\u00edlia\u201d, afirma.<\/p>\n<p><strong>Balan\u00e7o de gest\u00e3o<\/strong><br \/>\nConseguir manter as atividades do setor funcionando em meio \u00e0 pandemia com monitoramento di\u00e1rio dos canteiros de obras para evitar contamina\u00e7\u00e3o foi um dos legados de gest\u00e3o para o presidente da entidade.<\/p>\n<blockquote><p>\u201cFomos refer\u00eancia para o Brasil com cartilhas e procedimentos contra a covid-19. E assim foi poss\u00edvel manter e gerar milhares de empregos\u201d, aponta.<\/p><\/blockquote>\n<p><strong>Novas perspectivas<\/strong><br \/>\nOferecer mais presta\u00e7\u00e3o de servi\u00e7os aos associados fortalecendo as assessorias legislativa e jur\u00eddica, al\u00e9m de fomentar a inova\u00e7\u00e3o tecnol\u00f3gica e a sustentabilidade no setor, est\u00e1 entre as metas da dire\u00e7\u00e3o reeleita do Sinduscon.<\/p>\n<p><strong>Doa\u00e7\u00e3o para hospitais<\/strong><br \/>\nO Sinduscon, junto da Ademi, doou R$ 670 mil ao GDF para ajudar na constru\u00e7\u00e3o de mais unidades de atendimento a pacientes com covid. O presidente refor\u00e7a a preocupa\u00e7\u00e3o com a sociedade e a sa\u00fade p\u00fablica. \u201cRealizamos nossa contribui\u00e7\u00e3o doando tamb\u00e9m m\u00e1scaras, equipamentos e realizando obras emergenciais em instala\u00e7\u00f5es p\u00fablicas no enfrentamento desta pandemia.\u201d<\/p>\n<p><b>Fibra<\/b><\/p>\n<p>O Sinduscon-DF \u00e9 um dos dez sindicatos filiados \u00e0 Federa\u00e7\u00e3o das Ind\u00fastrias do DF (Fibra). Ap\u00f3s o resultado do pleito, o presidente da institui\u00e7\u00e3o, Jamal Jorge Bittar, esteve na sede do sindicato para cumprimentar Klavdianos. \u201cO Sinduscon \u00e9 um grande sindicato parceiro, o maior da nossa base. Desejo uma \u00f3tima gest\u00e3o ao Dionysio, que tem dado uma contribui\u00e7\u00e3o muito grande para a Federa\u00e7\u00e3o, trabalhando sempre em parceria com a Fibra, o Sesi, o Senai e o IEL\u201d.<\/p>\n<p>&nbsp;<\/p>\n","protected":false},"excerpt":{"rendered":"<p>Seguindo a tradi\u00e7\u00e3o da entidade de escolher por chapa \u00fanica a diretoria, Dionyzio Klavdianos foi reeleito ontem \u00e0 presid\u00eancia do Sindicato da Ind\u00fastria da Constru\u00e7\u00e3o Civil do DF (Sinduscon). Para o bi\u00eanio 2021-2023, foi eleita a chapa Reconstru\u00e7\u00e3o. Os cargos de 1\u00b0 vice-presidente e vice-presidente Administrativo-Financeiro continuam sob responsabilidade de Roberto Botelho e Adalberto Valad\u00e3o J\u00fanior, respectivamente. Marcelo Machado Guimar\u00e3es [&hellip;]<\/p>\n","protected":false},"author":125,"featured_media":3355,"comment_status":"open","ping_status":"open","sticky":false,"template":"","format":"standard","meta":{"footnotes":""},"categories":[6],"tags":[],"class_list":["post-3352","post","type-post","status-publish","format-standard","has-post-thumbnail","hentry","category-coluna-capital-s-a"],"_links":{"self":[{"href":"https:\/\/blogs.correiobraziliense.com.br\/capital-sa\/wp-json\/wp\/v2\/posts\/3352","targetHints":{"allow":["GET"]}}],"collection":[{"href":"https:\/\/blogs.correiobraziliense.com.br\/capital-sa\/wp-json\/wp\/v2\/posts"}],"about":[{"href":"https:\/\/blogs.correiobraziliense.com.br\/capital-sa\/wp-json\/wp\/v2\/types\/post"}],"author":[{"embeddable":true,"href":"https:\/\/blogs.correiobraziliense.com.br\/capital-sa\/wp-json\/wp\/v2\/users\/125"}],"replies":[{"embeddable":true,"href":"https:\/\/blogs.correiobraziliense.com.br\/capital-sa\/wp-json\/wp\/v2\/comments?post=3352"}],"version-history":[{"count":6,"href":"https:\/\/blogs.correiobraziliense.com.br\/capital-sa\/wp-json\/wp\/v2\/posts\/3352\/revisions"}],"predecessor-version":[{"id":3359,"href":"https:\/\/blogs.correiobraziliense.com.br\/capital-sa\/wp-json\/wp\/v2\/posts\/3352\/revisions\/3359"}],"wp:featuredmedia":[{"embeddable":true,"href":"https:\/\/blogs.correiobraziliense.com.br\/capital-sa\/wp-json\/wp\/v2\/media\/3355"}],"wp:attachment":[{"href":"https:\/\/blogs.correiobraziliense.com.br\/capital-sa\/wp-json\/wp\/v2\/media?parent=3352"}],"wp:term":[{"taxonomy":"category","embeddable":true,"href":"https:\/\/blogs.correiobraziliense.com.br\/capital-sa\/wp-json\/wp\/v2\/categories?post=3352"},{"taxonomy":"post_tag","embeddable":true,"href":"https:\/\/blogs.correiobraziliense.com.br\/capital-sa\/wp-json\/wp\/v2\/tags?post=3352"}],"curies":[{"name":"wp","href":"https:\/\/api.w.org\/{rel}","templated":true}]}}