{"id":3330,"date":"2021-05-11T10:16:24","date_gmt":"2021-05-11T13:16:24","guid":{"rendered":"https:\/\/blogs.correiobraziliense.com.br\/capital-sa\/?p=3330"},"modified":"2021-05-11T10:20:10","modified_gmt":"2021-05-11T13:20:10","slug":"premio-para-iniciativas-empreendedoras","status":"publish","type":"post","link":"https:\/\/blogs.correiobraziliense.com.br\/capital-sa\/2021\/05\/11\/premio-para-iniciativas-empreendedoras\/","title":{"rendered":"Pr\u00eamio para iniciativas empreendedoras"},"content":{"rendered":"<div dir=\"auto\"><\/div>\n<div dir=\"auto\">O Grupo Levvo &#8211; empresa de fast-food que possui 7 franquias do McDonald&#8217;s e 25 pontos de venda da rede no DF e em Goi\u00e1s &#8211; lan\u00e7ou uma campanha para incentivar e valorizar o olhar empreendedor do brasileiro, que, mesmo em situa\u00e7\u00f5es adversas, encontra solu\u00e7\u00f5es criativas. A iniciativa surgiu para estimular ideias que podem impactar positivamente a vida de outras pessoas durante a pandemia.<\/div>\n<div dir=\"auto\"><\/div>\n<div dir=\"auto\"><\/div>\n<div dir=\"auto\"><\/div>\n<div dir=\"auto\"><\/div>\n<blockquote>\n<div dir=\"auto\">\u201cDevemos estimular o empreendedorismo para que seja um motor de transforma\u00e7\u00e3o social e econ\u00f4mica. Principalmente neste momento t\u00e3o dif\u00edcil que estamos passando\u201d, afirma a presidente do Grupo Levvo, Laura Oliveira.<\/div>\n<\/blockquote>\n<div dir=\"auto\"><\/div>\n<div dir=\"auto\"><\/div>\n<div dir=\"auto\"><\/div>\n<div dir=\"auto\"><b>O que voc\u00ea fez de diferente?<\/b><\/div>\n<div dir=\"auto\"><\/div>\n<div dir=\"auto\"><\/div>\n<div dir=\"auto\"><\/div>\n<div dir=\"auto\"><\/div>\n<div dir=\"auto\">Para participar, basta responder \u00e0 pergunta: \u201cO que voc\u00ea fez de diferente e empreendedor para segurar a sua onda e de outras pessoas neste momento desafiador?&#8221; As respostas devem ser publicadas no Instagram, acompanhadas de uma foto ilustrativa e da hastag #LevvandoTransforma\u00e7\u00e3o. As duas\u00a0melhores ideias ser\u00e3o premiadas com R$1.000,00 para o primeiro colocado e R$400,00 para o segundo.<\/div>\n<div dir=\"auto\"><\/div>\n<div dir=\"auto\"><\/div>\n<div dir=\"auto\"><\/div>\n<div dir=\"auto\">As inscri\u00e7\u00f5es podem ser feitas at\u00e9 <a href=\"\/\/0\">15 de maio<\/a>. Informa\u00e7\u00f5es no instagram @mcdonalds_levvo e pelo site: <a href=\"http:\/\/www.grupolevvo.com.br\/\">www.grupolevvo.com.br<\/a><\/div>\n","protected":false},"excerpt":{"rendered":"<p>O Grupo Levvo &#8211; empresa de fast-food que possui 7 franquias do McDonald&#8217;s e 25 pontos de venda da rede no DF e em Goi\u00e1s &#8211; lan\u00e7ou uma campanha para incentivar e valorizar o olhar empreendedor do brasileiro, que, mesmo em situa\u00e7\u00f5es adversas, encontra solu\u00e7\u00f5es criativas. A iniciativa surgiu para estimular ideias que podem impactar positivamente a vida de outras [&hellip;]<\/p>\n","protected":false},"author":125,"featured_media":3335,"comment_status":"open","ping_status":"open","sticky":false,"template":"","format":"standard","meta":{"footnotes":""},"categories":[6],"tags":[],"class_list":["post-3330","post","type-post","status-publish","format-standard","has-post-thumbnail","hentry","category-coluna-capital-s-a"],"_links":{"self":[{"href":"https:\/\/blogs.correiobraziliense.com.br\/capital-sa\/wp-json\/wp\/v2\/posts\/3330","targetHints":{"allow":["GET"]}}],"collection":[{"href":"https:\/\/blogs.correiobraziliense.com.br\/capital-sa\/wp-json\/wp\/v2\/posts"}],"about":[{"href":"https:\/\/blogs.correiobraziliense.com.br\/capital-sa\/wp-json\/wp\/v2\/types\/post"}],"author":[{"embeddable":true,"href":"https:\/\/blogs.correiobraziliense.com.br\/capital-sa\/wp-json\/wp\/v2\/users\/125"}],"replies":[{"embeddable":true,"href":"https:\/\/blogs.correiobraziliense.com.br\/capital-sa\/wp-json\/wp\/v2\/comments?post=3330"}],"version-history":[{"count":6,"href":"https:\/\/blogs.correiobraziliense.com.br\/capital-sa\/wp-json\/wp\/v2\/posts\/3330\/revisions"}],"predecessor-version":[{"id":3337,"href":"https:\/\/blogs.correiobraziliense.com.br\/capital-sa\/wp-json\/wp\/v2\/posts\/3330\/revisions\/3337"}],"wp:featuredmedia":[{"embeddable":true,"href":"https:\/\/blogs.correiobraziliense.com.br\/capital-sa\/wp-json\/wp\/v2\/media\/3335"}],"wp:attachment":[{"href":"https:\/\/blogs.correiobraziliense.com.br\/capital-sa\/wp-json\/wp\/v2\/media?parent=3330"}],"wp:term":[{"taxonomy":"category","embeddable":true,"href":"https:\/\/blogs.correiobraziliense.com.br\/capital-sa\/wp-json\/wp\/v2\/categories?post=3330"},{"taxonomy":"post_tag","embeddable":true,"href":"https:\/\/blogs.correiobraziliense.com.br\/capital-sa\/wp-json\/wp\/v2\/tags?post=3330"}],"curies":[{"name":"wp","href":"https:\/\/api.w.org\/{rel}","templated":true}]}}