{"id":3309,"date":"2021-05-08T14:24:59","date_gmt":"2021-05-08T17:24:59","guid":{"rendered":"https:\/\/blogs.correiobraziliense.com.br\/capital-sa\/?p=3309"},"modified":"2021-05-08T15:52:30","modified_gmt":"2021-05-08T18:52:30","slug":"brasilia-ganha-rota-turistica-do-rock","status":"publish","type":"post","link":"https:\/\/blogs.correiobraziliense.com.br\/capital-sa\/2021\/05\/08\/brasilia-ganha-rota-turistica-do-rock\/","title":{"rendered":"Bras\u00edlia ganha rota tur\u00edstica do rock"},"content":{"rendered":"<p class=\"p2\"><span class=\"s1\">Quase 40 anos depois de grandes nomes e bandas como Legi\u00e3o Urbana, Plebe Rude, Capital Inicial, Raimundos, Natiruts, C\u00e1ssia Eller, entre outros, formarem a identidade brasiliense, a capital federal ganha oficialmente a Rota Bras\u00edlia Capital do Rock. O decreto foi assinado pelo governador Ibaneis Rocha na quinta-feira (6\/5).<\/span><\/p>\n<p class=\"p2\"><span class=\"s1\">O m\u00fasico Philipe Seabra, da Plebe Rude, teve a ideia<span class=\"Apple-converted-space\">\u00a0<\/span>h\u00e1 alguns anos e agora a Secretaria de Turismo do DF, com ele,<span class=\"Apple-converted-space\">\u00a0<\/span>mapeou 37 pontos que fazem parte da hist\u00f3ria do rock brasiliense em parceria com a faculdade Uni\u00e3o Pioneira de Integra\u00e7\u00e3o Social (Upis).<\/span><\/p>\n<p class=\"p2\"><span class=\"s1\">Locais como o Parque Vivencial II, a 104 Sul, quadra onde integrantes dos<span class=\"Apple-converted-space\">\u00a0<\/span>Paralamas do Sucesso moravam; o Cave no Guar\u00e1, onde foi realizado o primeiro show da Legi\u00e3o Urbana em Bras\u00edlia, est\u00e3o entre os locais que ser\u00e3o sinalizados e identificados para compor a Rota do Rock.\u00a0<\/span>Al\u00e9m disso, ser\u00e1 poss\u00edvel a visita\u00e7\u00e3o virtual pela plataforma Google Earth.<\/p>\n<p>\u201cAgora, o segmento musical do rock como destino tur\u00edstico ser\u00e1 atra\u00e7\u00e3o principal e com as luzes que realmente merece\u201d, ressalta Vanessa Mendon\u00e7a, secret\u00e1ria de Turismo do DF.<\/p>\n<blockquote>\n<p class=\"p2\">Philippe Seabra, curador do projeto, destaca o movimento que inspirou toda uma gera\u00e7\u00e3o. \u201cFoi a curiosidade intelectual, lucidez e urg\u00eancia desses jovens de Bras\u00edlia que colocaram a capital no mapa cultural brasileiro, mudando para sempre a m\u00fasica popular brasileira. O Rock de Bras\u00edlia \u00e9 um alicerce da contesta\u00e7\u00e3o e liberdade de express\u00e3o no Brasil, e isso tem de ser celebrado.\u201d<\/p>\n<\/blockquote>\n<p class=\"p2\"><span class=\"s1\"><b>Museu <\/b><\/span><\/p>\n<p class=\"p2\"><span class=\"s1\">Ele conta que est\u00e1 se dedicando tamb\u00e9m a um outro projeto muito especial: o museu do Rock Bras\u00edlia, que ter\u00e1 grande acervo de imagens, instrumentos, m\u00f3veis e at\u00e9 ve\u00edculos que resgatam a hist\u00f3ria do movimento.<\/span><\/p>\n<p><img loading=\"lazy\" decoding=\"async\" class=\"aligncenter size-medium wp-image-3314\" src=\"https:\/\/blogs.correiobraziliense.com.br\/capital-sa\/wp-content\/uploads\/sites\/59\/2021\/05\/B078CCE3-5D44-4026-A6C6-70E256A9A9DE-300x210.jpeg\" alt=\"\" width=\"300\" height=\"210\" srcset=\"https:\/\/blogs.correiobraziliense.com.br\/capital-sa\/wp-content\/uploads\/sites\/59\/2021\/05\/B078CCE3-5D44-4026-A6C6-70E256A9A9DE-300x210.jpeg 300w, https:\/\/blogs.correiobraziliense.com.br\/capital-sa\/wp-content\/uploads\/sites\/59\/2021\/05\/B078CCE3-5D44-4026-A6C6-70E256A9A9DE-550x386.jpeg 550w, https:\/\/blogs.correiobraziliense.com.br\/capital-sa\/wp-content\/uploads\/sites\/59\/2021\/05\/B078CCE3-5D44-4026-A6C6-70E256A9A9DE-230x161.jpeg 230w, https:\/\/blogs.correiobraziliense.com.br\/capital-sa\/wp-content\/uploads\/sites\/59\/2021\/05\/B078CCE3-5D44-4026-A6C6-70E256A9A9DE.jpeg 582w\" sizes=\"auto, (max-width: 300px) 100vw, 300px\" \/><\/p>\n<p class=\"p2\"><span class=\"s1\">Na Rota do Rock, ser\u00e3o realizados ainda eventos musicais no estilo do Por\u00e3o do Rock, Picnik e o pr\u00f3prio Rock na Ciclovia, que contar\u00e3o com a participa\u00e7\u00e3o de bandas da \u00e9poca e de artistas da nova gera\u00e7\u00e3o. A ideia \u00e9 promover a\u00e7\u00f5es que gerem mais visibilidade ao cen\u00e1rio independente local.<\/span><\/p>\n<p><img loading=\"lazy\" decoding=\"async\" class=\"aligncenter size-medium wp-image-3315\" src=\"https:\/\/blogs.correiobraziliense.com.br\/capital-sa\/wp-content\/uploads\/sites\/59\/2021\/05\/0EDA0B7C-AEFC-4563-A9A7-CF4699866ECF-300x185.jpeg\" alt=\"\" width=\"300\" height=\"185\" srcset=\"https:\/\/blogs.correiobraziliense.com.br\/capital-sa\/wp-content\/uploads\/sites\/59\/2021\/05\/0EDA0B7C-AEFC-4563-A9A7-CF4699866ECF-300x185.jpeg 300w, https:\/\/blogs.correiobraziliense.com.br\/capital-sa\/wp-content\/uploads\/sites\/59\/2021\/05\/0EDA0B7C-AEFC-4563-A9A7-CF4699866ECF-550x339.jpeg 550w, https:\/\/blogs.correiobraziliense.com.br\/capital-sa\/wp-content\/uploads\/sites\/59\/2021\/05\/0EDA0B7C-AEFC-4563-A9A7-CF4699866ECF-230x142.jpeg 230w, https:\/\/blogs.correiobraziliense.com.br\/capital-sa\/wp-content\/uploads\/sites\/59\/2021\/05\/0EDA0B7C-AEFC-4563-A9A7-CF4699866ECF.jpeg 593w\" sizes=\"auto, (max-width: 300px) 100vw, 300px\" \/><\/p>\n<p class=\"p2\"><span class=\"s1\">Para Dig\u00e3o dos Raimundos, a rota ser\u00e1 uma grande viagem no t\u00fanel do tempo para os amantes do rock brasiliense e do Brasil. \u201cBras\u00edlia merece demais uma iniciativa como essa. Quando toc\u00e1vamos fora da cidade e at\u00e9 do pa\u00eds, sent\u00edamos um imenso respeito do p\u00fablico e o reconhecimento da nossa cidade como Capital do Rock!\u201d<\/span><\/p>\n<p class=\"p2\"><span class=\"s1\">Confira os 37 pontos que transformaram Bras\u00edlia na Capital do Rock:<\/span><\/p>\n<p class=\"p2\"><span class=\"s1\">1) GIN\u00c1SIO NILSON NELSON<\/span><\/p>\n<p class=\"p2\"><span class=\"s1\">2) CONCHA AC\u00daSTICA<\/span><\/p>\n<p class=\"p2\"><span class=\"s1\">3) EST\u00c1DIO NACIONAL DE BRAS\u00cdLIA &#8211; MAN\u00c9 GARRINCHA<\/span><\/p>\n<p class=\"p2\"><span class=\"s1\">4) CENTRO DE CONVEN\u00c7\u00d5ES ULYSSES GUIMAR\u00c3ES<\/span><\/p>\n<p class=\"p2\"><span class=\"s1\">5) COLINA \u2013 UnB<\/span><\/p>\n<p class=\"p2\"><span class=\"s1\">6) CINE CENTRO S\u00c3O FRANCISCO \u2013 CLS 102\/103<\/span><\/p>\n<p class=\"p2\"><span class=\"s1\">7) FOOD\u2019S \u2013 SCLS 110\/111<\/span><\/p>\n<p class=\"p2\"><span class=\"s1\">8) CENTRO COMERCIAL DA QI 11 &#8211; LAGO SUL &#8211; &#8220;GILBERTINHO&#8221;<\/span><\/p>\n<p class=\"p2\"><span class=\"s1\">9) CENTRO COMERCIAL GILBERTO SALOM\u00c3O \u2013 QI 05 LAGO SUL<\/span><\/p>\n<p class=\"p2\"><span class=\"s1\">10) COM\u00c9RCIO LOCAL DA QI 9 LAGO SUL \u2013 LOCAL DA ANTIGA LANCHONETE GIRAFFAS<\/span><\/p>\n<p class=\"p2\"><span class=\"s1\">11) ROCK NA CICLOVIA<\/span><\/p>\n<p class=\"p2\"><span class=\"s1\">12) RAMPA AC\u00daSTICA DO PARQUE DA CIDADE<\/span><\/p>\n<p class=\"p2\"><span class=\"s1\">13) QG DA PLEBE RUDE (SHIN QI 8, Conjunto 10, Lago Norte)<\/span><\/p>\n<p class=\"p2\"><span class=\"s1\">14) LOCAL DO SURGIMENTO DOS RAIMUNDOS (SHIS QI 9, Conjunto 20, Lago Sul)<\/span><\/p>\n<p class=\"p2\"><span class=\"s1\">15) BRAS\u00cdLIA R\u00c1DIO CENTER (SRTVN Asa Norte)<\/span><\/p>\n<p class=\"p2\"><span class=\"s1\">16) APARTAMENTO DO RENATO RUSSO (SQS 303, Asa Sul)<\/span><\/p>\n<p class=\"p2\"><span class=\"s1\">17) BAR\/RESTAURANTE BEIRUTE &#8211; CLS 109<\/span><\/p>\n<p class=\"p2\"><span class=\"s1\">18) TEATRO GALP\u00c3OZINHO (508 Sul)<\/span><\/p>\n<p class=\"p2\"><span class=\"s1\">19) TEATRO NACIONAL<\/span><\/p>\n<p class=\"p2\"><span class=\"s1\">20) ERMIDA DOM BOSCO<\/span><\/p>\n<p class=\"p2\"><span class=\"s1\">21) ESCOLA AMERICANA DE BRAS\u00cdLIA \u2013 EAB<\/span><\/p>\n<p class=\"p2\"><span class=\"s1\">22) SQS 104 SUL<\/span><\/p>\n<p class=\"p2\"><span class=\"s1\">23) BAR CAFOFO, CLN 407<\/span><\/p>\n<p class=\"p2\"><span class=\"s1\">24) ICC NORTE \u2013 PALCO DE GRANDES SHOWS DE ROCK NOS ANOS 80<\/span><\/p>\n<p class=\"p2\"><span class=\"s1\">25) TEATRO DE ARENA \u2013 CAVE<\/span><\/p>\n<p class=\"p2\"><span class=\"s1\">26) TEATRO ROLLA PEDRA<\/span><\/p>\n<p class=\"p2\"><span class=\"s1\">27) RADICAOS<\/span><\/p>\n<p class=\"p2\"><span class=\"s1\">28) ESTACIONAMENTO DO EST\u00c1DIO BEZERR\u00c3O \u2013 GAMA<\/span><\/p>\n<p class=\"p2\"><span class=\"s1\">29) CULTURA INGLESA<\/span><\/p>\n<p class=\"p2\"><span class=\"s1\">30) SALA FUNARTE (SALA C\u00c1SSIA ELLER)<\/span><\/p>\n<p class=\"p2\"><span class=\"s1\">31) GATE\u2019S<\/span><\/p>\n<p class=\"p2\"><span class=\"s1\">32) SESC 913 &#8211; TEATRO GARAGEM<\/span><\/p>\n<p class=\"p2\"><span class=\"s1\">33) CENTRO CULTURAL CINE ITAPO\u00c3<\/span><\/p>\n<p class=\"p2\"><span class=\"s1\">34) GALP\u00c3OZINHO, GAMA<\/span><\/p>\n<p class=\"p2\"><span class=\"s1\">35) ESPLANADA DOS MINIST\u00c9RIOS<\/span><\/p>\n<p class=\"p2\"><span class=\"s1\">36) TORRE DE TV<\/span><\/p>\n<p class=\"p2\"><span class=\"s1\">37) POR\u00c3O DO ROCK<\/span><\/p>\n","protected":false},"excerpt":{"rendered":"<p>Quase 40 anos depois de grandes nomes e bandas como Legi\u00e3o Urbana, Plebe Rude, Capital Inicial, Raimundos, Natiruts, C\u00e1ssia Eller, entre outros, formarem a identidade brasiliense, a capital federal ganha oficialmente a Rota Bras\u00edlia Capital do Rock. O decreto foi assinado pelo governador Ibaneis Rocha na quinta-feira (6\/5). O m\u00fasico Philipe Seabra, da Plebe Rude, teve a ideia\u00a0h\u00e1 alguns anos [&hellip;]<\/p>\n","protected":false},"author":125,"featured_media":3313,"comment_status":"open","ping_status":"open","sticky":false,"template":"","format":"standard","meta":{"footnotes":""},"categories":[6],"tags":[526,523,332,180,295,524,333,525],"class_list":["post-3309","post","type-post","status-publish","format-standard","has-post-thumbnail","hentry","category-coluna-capital-s-a","tag-anos80","tag-brasilia-rotadorock","tag-df","tag-musica","tag-rock","tag-roteiro","tag-turismo","tag-turismonodf"],"_links":{"self":[{"href":"https:\/\/blogs.correiobraziliense.com.br\/capital-sa\/wp-json\/wp\/v2\/posts\/3309","targetHints":{"allow":["GET"]}}],"collection":[{"href":"https:\/\/blogs.correiobraziliense.com.br\/capital-sa\/wp-json\/wp\/v2\/posts"}],"about":[{"href":"https:\/\/blogs.correiobraziliense.com.br\/capital-sa\/wp-json\/wp\/v2\/types\/post"}],"author":[{"embeddable":true,"href":"https:\/\/blogs.correiobraziliense.com.br\/capital-sa\/wp-json\/wp\/v2\/users\/125"}],"replies":[{"embeddable":true,"href":"https:\/\/blogs.correiobraziliense.com.br\/capital-sa\/wp-json\/wp\/v2\/comments?post=3309"}],"version-history":[{"count":7,"href":"https:\/\/blogs.correiobraziliense.com.br\/capital-sa\/wp-json\/wp\/v2\/posts\/3309\/revisions"}],"predecessor-version":[{"id":3319,"href":"https:\/\/blogs.correiobraziliense.com.br\/capital-sa\/wp-json\/wp\/v2\/posts\/3309\/revisions\/3319"}],"wp:featuredmedia":[{"embeddable":true,"href":"https:\/\/blogs.correiobraziliense.com.br\/capital-sa\/wp-json\/wp\/v2\/media\/3313"}],"wp:attachment":[{"href":"https:\/\/blogs.correiobraziliense.com.br\/capital-sa\/wp-json\/wp\/v2\/media?parent=3309"}],"wp:term":[{"taxonomy":"category","embeddable":true,"href":"https:\/\/blogs.correiobraziliense.com.br\/capital-sa\/wp-json\/wp\/v2\/categories?post=3309"},{"taxonomy":"post_tag","embeddable":true,"href":"https:\/\/blogs.correiobraziliense.com.br\/capital-sa\/wp-json\/wp\/v2\/tags?post=3309"}],"curies":[{"name":"wp","href":"https:\/\/api.w.org\/{rel}","templated":true}]}}