{"id":3283,"date":"2021-05-06T13:39:19","date_gmt":"2021-05-06T16:39:19","guid":{"rendered":"https:\/\/blogs.correiobraziliense.com.br\/capital-sa\/?p=3283"},"modified":"2021-05-06T16:03:29","modified_gmt":"2021-05-06T19:03:29","slug":"pacote-do-gdf-socorre-setor-de-eventos-saloes-de-beleza-lotericas-e-autoescolas","status":"publish","type":"post","link":"https:\/\/blogs.correiobraziliense.com.br\/capital-sa\/2021\/05\/06\/pacote-do-gdf-socorre-setor-de-eventos-saloes-de-beleza-lotericas-e-autoescolas\/","title":{"rendered":"Pacote do GDF socorre setor de eventos, sal\u00f5es de beleza, lot\u00e9ricas e autoescolas"},"content":{"rendered":"<p class=\"p1\">O Pr\u00f3-Economia, anunciado hoje pelo GDF, posterga o pagamento de impostos de v\u00e1rios setores e at\u00e9 prev\u00ea isen\u00e7\u00e3o em alguns casos. Cerca de 37 mil empresas dos setores empresariais de eventos, sal\u00f5es de beleza, barbearias,esmalterias e casas de festas ter\u00e3o adiado o pagamento de ISS at\u00e9 2027 e tamb\u00e9m do IPTU e do IPVA at\u00e9 2022.<\/p>\n<p class=\"p1\"><span class=\"s1\">Est\u00e3o previstos a isen\u00e7\u00e3o de IPVA para ve\u00edculos por autoescolas e aux\u00edlio emergencial para o setor de transporte de turismo \u2013 tr\u00eas parcelas de R$ 600.<\/span><\/p>\n<p class=\"p1\"><span class=\"s1\">\u201cEstamos exercendo ao m\u00e1ximo nossa capacidade de execu\u00e7\u00e3o, de solu\u00e7\u00f5es para retomar a economia da nossa capital. De forma inteligente , estamos conseguindo desonerar a classe empresarial, acreditando que ela vai corresponder a isso gerando empregos\u201d, afirmou o governador, Ibaneis Rocha. <\/span><\/p>\n<p class=\"p1\"><strong><span class=\"s1\">Caf\u00e9 na cesta b\u00e1sica <\/span><\/strong><\/p>\n<p class=\"p1\"><span class=\"s1\">Haver\u00e1 redu\u00e7\u00e3o da base de c\u00e1lculo do ICMS do caf\u00e9 com inclus\u00e3o na cesta b\u00e1sica. Ser\u00e3o beneficiadas 12.787 empresas dos setores de cultivo de caf\u00e9, com\u00e9rcio atacadista e varejista de produtos aliment\u00edcios.<\/span><\/p>\n<p class=\"p1\"><span class=\"s1\">Nova faixa de remunera\u00e7\u00e3o para os servi\u00e7os lot\u00e9ricos\u00a0<\/span>beneficiar\u00e1 213 casas lot\u00e9ricas.<\/p>\n","protected":false},"excerpt":{"rendered":"<p>O Pr\u00f3-Economia, anunciado hoje pelo GDF, posterga o pagamento de impostos de v\u00e1rios setores e at\u00e9 prev\u00ea isen\u00e7\u00e3o em alguns casos. Cerca de 37 mil empresas dos setores empresariais de eventos, sal\u00f5es de beleza, barbearias,esmalterias e casas de festas ter\u00e3o adiado o pagamento de ISS at\u00e9 2027 e tamb\u00e9m do IPTU e do IPVA at\u00e9 2022. Est\u00e3o previstos a isen\u00e7\u00e3o [&hellip;]<\/p>\n","protected":false},"author":125,"featured_media":0,"comment_status":"open","ping_status":"open","sticky":false,"template":"","format":"standard","meta":{"footnotes":""},"categories":[6],"tags":[161,522,82],"class_list":["post-3283","post","type-post","status-publish","format-standard","hentry","category-coluna-capital-s-a","tag-empresarios","tag-gdf-pro-economia","tag-eventos"],"_links":{"self":[{"href":"https:\/\/blogs.correiobraziliense.com.br\/capital-sa\/wp-json\/wp\/v2\/posts\/3283","targetHints":{"allow":["GET"]}}],"collection":[{"href":"https:\/\/blogs.correiobraziliense.com.br\/capital-sa\/wp-json\/wp\/v2\/posts"}],"about":[{"href":"https:\/\/blogs.correiobraziliense.com.br\/capital-sa\/wp-json\/wp\/v2\/types\/post"}],"author":[{"embeddable":true,"href":"https:\/\/blogs.correiobraziliense.com.br\/capital-sa\/wp-json\/wp\/v2\/users\/125"}],"replies":[{"embeddable":true,"href":"https:\/\/blogs.correiobraziliense.com.br\/capital-sa\/wp-json\/wp\/v2\/comments?post=3283"}],"version-history":[{"count":10,"href":"https:\/\/blogs.correiobraziliense.com.br\/capital-sa\/wp-json\/wp\/v2\/posts\/3283\/revisions"}],"predecessor-version":[{"id":3298,"href":"https:\/\/blogs.correiobraziliense.com.br\/capital-sa\/wp-json\/wp\/v2\/posts\/3283\/revisions\/3298"}],"wp:attachment":[{"href":"https:\/\/blogs.correiobraziliense.com.br\/capital-sa\/wp-json\/wp\/v2\/media?parent=3283"}],"wp:term":[{"taxonomy":"category","embeddable":true,"href":"https:\/\/blogs.correiobraziliense.com.br\/capital-sa\/wp-json\/wp\/v2\/categories?post=3283"},{"taxonomy":"post_tag","embeddable":true,"href":"https:\/\/blogs.correiobraziliense.com.br\/capital-sa\/wp-json\/wp\/v2\/tags?post=3283"}],"curies":[{"name":"wp","href":"https:\/\/api.w.org\/{rel}","templated":true}]}}