{"id":3277,"date":"2021-05-06T13:05:58","date_gmt":"2021-05-06T16:05:58","guid":{"rendered":"https:\/\/blogs.correiobraziliense.com.br\/capital-sa\/?p=3277"},"modified":"2021-05-06T18:16:31","modified_gmt":"2021-05-06T21:16:31","slug":"gdf-aumenta-margem-de-consignado-para-os-servidores","status":"publish","type":"post","link":"https:\/\/blogs.correiobraziliense.com.br\/capital-sa\/2021\/05\/06\/gdf-aumenta-margem-de-consignado-para-os-servidores\/","title":{"rendered":"GDF aumenta margem de consignado para os servidores"},"content":{"rendered":"<p class=\"p1\">Uma das medidas do pacote do GDF de enfrentamento \u00e0 crise econ\u00f4mica \u00e9 o aumento da margem de empr\u00e9stimo consignado para mais de 200 mil servidores p\u00fablicos ativos, inativos e pensionistas. Passar\u00e1 de 30% para 40% o \u00edndice de comprometimento mensal da renda para parcela de pagamento de cr\u00e9dito. A medita valer\u00e1 para transa\u00e7\u00f5es com o Banco Regional de Bras\u00edlia (BRB).<\/p>\n<p class=\"p1\">\u201cO servidor p\u00fablico precisa tamb\u00e9m de aux\u00edlio neste momento. E aumentar o poder de consumo deles aquece a economia, ajuda o com\u00e9rcio e isso volta para os cofres p\u00fablicos em arrecada\u00e7\u00e3o\u201d, explicou o secret\u00e1rio de Economia do DF, Andr\u00e9 Clemente, no lan\u00e7amento do Pr\u00f3-Economia no Pal\u00e1cio do Buriti.<\/p>\n","protected":false},"excerpt":{"rendered":"<p>Uma das medidas do pacote do GDF de enfrentamento \u00e0 crise econ\u00f4mica \u00e9 o aumento da margem de empr\u00e9stimo consignado para mais de 200 mil servidores p\u00fablicos ativos, inativos e pensionistas. Passar\u00e1 de 30% para 40% o \u00edndice de comprometimento mensal da renda para parcela de pagamento de cr\u00e9dito. A medita valer\u00e1 para transa\u00e7\u00f5es com o Banco Regional de Bras\u00edlia [&hellip;]<\/p>\n","protected":false},"author":125,"featured_media":0,"comment_status":"open","ping_status":"open","sticky":false,"template":"","format":"standard","meta":{"footnotes":""},"categories":[6],"tags":[519,520,521],"class_list":["post-3277","post","type-post","status-publish","format-standard","hentry","category-coluna-capital-s-a","tag-consignado","tag-emprestimo","tag-pro-economia"],"_links":{"self":[{"href":"https:\/\/blogs.correiobraziliense.com.br\/capital-sa\/wp-json\/wp\/v2\/posts\/3277","targetHints":{"allow":["GET"]}}],"collection":[{"href":"https:\/\/blogs.correiobraziliense.com.br\/capital-sa\/wp-json\/wp\/v2\/posts"}],"about":[{"href":"https:\/\/blogs.correiobraziliense.com.br\/capital-sa\/wp-json\/wp\/v2\/types\/post"}],"author":[{"embeddable":true,"href":"https:\/\/blogs.correiobraziliense.com.br\/capital-sa\/wp-json\/wp\/v2\/users\/125"}],"replies":[{"embeddable":true,"href":"https:\/\/blogs.correiobraziliense.com.br\/capital-sa\/wp-json\/wp\/v2\/comments?post=3277"}],"version-history":[{"count":8,"href":"https:\/\/blogs.correiobraziliense.com.br\/capital-sa\/wp-json\/wp\/v2\/posts\/3277\/revisions"}],"predecessor-version":[{"id":3299,"href":"https:\/\/blogs.correiobraziliense.com.br\/capital-sa\/wp-json\/wp\/v2\/posts\/3277\/revisions\/3299"}],"wp:attachment":[{"href":"https:\/\/blogs.correiobraziliense.com.br\/capital-sa\/wp-json\/wp\/v2\/media?parent=3277"}],"wp:term":[{"taxonomy":"category","embeddable":true,"href":"https:\/\/blogs.correiobraziliense.com.br\/capital-sa\/wp-json\/wp\/v2\/categories?post=3277"},{"taxonomy":"post_tag","embeddable":true,"href":"https:\/\/blogs.correiobraziliense.com.br\/capital-sa\/wp-json\/wp\/v2\/tags?post=3277"}],"curies":[{"name":"wp","href":"https:\/\/api.w.org\/{rel}","templated":true}]}}