{"id":3258,"date":"2021-05-05T15:05:35","date_gmt":"2021-05-05T18:05:35","guid":{"rendered":"https:\/\/blogs.correiobraziliense.com.br\/capital-sa\/?p=3258"},"modified":"2021-05-05T15:05:35","modified_gmt":"2021-05-05T18:05:35","slug":"escritorio-caputo-bastos-e-serra-expande-para-sp-e-pe","status":"publish","type":"post","link":"https:\/\/blogs.correiobraziliense.com.br\/capital-sa\/2021\/05\/05\/escritorio-caputo-bastos-e-serra-expande-para-sp-e-pe\/","title":{"rendered":"Escrit\u00f3rio Caputo, Bastos e Serra expande para SP e PE"},"content":{"rendered":"<p>A equipe, que somava 14 advogados antes das fus\u00f5es, agora conta com 33 profissionais, especialistas nas mais diversas \u00e1reas do direito. \u201cO grande objetivo desse movimento foi levar a nossa filosofia de trabalho e nossa expertise para outros estados\u201d, afirma Francisco Caputo, s\u00f3cio-fundador do escrit\u00f3rio de advocacia Caputo Bastos e Serra e integrante do Conselho Federal da OAB. A empresa, criada h\u00e1 10 anos em Bras\u00edlia, acaba de expandir para S\u00e3o Paulo e para Recife (PE).<\/p>\n<p><strong>Tecnologia de informa\u00e7\u00e3o<\/strong><\/p>\n<p>Os planos de crescimento come\u00e7aram ainda antes da pandemia, quando o escrit\u00f3rio contratou a assessoria da Funda\u00e7\u00e3o Dom Cabral para aperfei\u00e7oar a gest\u00e3o. A amplia\u00e7\u00e3o para S\u00e3o Paulo foi necess\u00e1ria para cuidar dos processos relacionados \u00e0 Tecnologia da Informa\u00e7\u00e3o. J\u00e1 a unidade de Recife, que conta com um ex-assessor do Tribunal Regional Federal da 5\u00aa Regi\u00e3o, Expedito Lima, est\u00e1 voltada para o contencioso administrativo e judicial.<\/p>\n<p><strong>Agroneg\u00f3cio<\/strong><\/p>\n<p>\u201cCom as fus\u00f5es, incrementamos novas \u00e1reas de atendimento. Refor\u00e7amos a \u00e1rea civil e tribut\u00e1ria, abrimos as societ\u00e1ria, penal e banc\u00e1ria\u201d, conta o advogado, que, agora, mira Goi\u00e2nia, em fun\u00e7\u00e3o das oportunidades de atendimento ao agroneg\u00f3cio. \u201c\u00c9 o nosso pr\u00f3ximo destino\u201d, prev\u00ea.<\/p>\n","protected":false},"excerpt":{"rendered":"<p>A equipe, que somava 14 advogados antes das fus\u00f5es, agora conta com 33 profissionais, especialistas nas mais diversas \u00e1reas do direito. \u201cO grande objetivo desse movimento foi levar a nossa filosofia de trabalho e nossa expertise para outros estados\u201d, afirma Francisco Caputo, s\u00f3cio-fundador do escrit\u00f3rio de advocacia Caputo Bastos e Serra e integrante do Conselho Federal da OAB. A empresa, [&hellip;]<\/p>\n","protected":false},"author":125,"featured_media":3261,"comment_status":"open","ping_status":"open","sticky":false,"template":"","format":"standard","meta":{"footnotes":""},"categories":[6],"tags":[],"class_list":["post-3258","post","type-post","status-publish","format-standard","has-post-thumbnail","hentry","category-coluna-capital-s-a"],"_links":{"self":[{"href":"https:\/\/blogs.correiobraziliense.com.br\/capital-sa\/wp-json\/wp\/v2\/posts\/3258","targetHints":{"allow":["GET"]}}],"collection":[{"href":"https:\/\/blogs.correiobraziliense.com.br\/capital-sa\/wp-json\/wp\/v2\/posts"}],"about":[{"href":"https:\/\/blogs.correiobraziliense.com.br\/capital-sa\/wp-json\/wp\/v2\/types\/post"}],"author":[{"embeddable":true,"href":"https:\/\/blogs.correiobraziliense.com.br\/capital-sa\/wp-json\/wp\/v2\/users\/125"}],"replies":[{"embeddable":true,"href":"https:\/\/blogs.correiobraziliense.com.br\/capital-sa\/wp-json\/wp\/v2\/comments?post=3258"}],"version-history":[{"count":2,"href":"https:\/\/blogs.correiobraziliense.com.br\/capital-sa\/wp-json\/wp\/v2\/posts\/3258\/revisions"}],"predecessor-version":[{"id":3260,"href":"https:\/\/blogs.correiobraziliense.com.br\/capital-sa\/wp-json\/wp\/v2\/posts\/3258\/revisions\/3260"}],"wp:featuredmedia":[{"embeddable":true,"href":"https:\/\/blogs.correiobraziliense.com.br\/capital-sa\/wp-json\/wp\/v2\/media\/3261"}],"wp:attachment":[{"href":"https:\/\/blogs.correiobraziliense.com.br\/capital-sa\/wp-json\/wp\/v2\/media?parent=3258"}],"wp:term":[{"taxonomy":"category","embeddable":true,"href":"https:\/\/blogs.correiobraziliense.com.br\/capital-sa\/wp-json\/wp\/v2\/categories?post=3258"},{"taxonomy":"post_tag","embeddable":true,"href":"https:\/\/blogs.correiobraziliense.com.br\/capital-sa\/wp-json\/wp\/v2\/tags?post=3258"}],"curies":[{"name":"wp","href":"https:\/\/api.w.org\/{rel}","templated":true}]}}