{"id":3167,"date":"2021-04-30T15:52:42","date_gmt":"2021-04-30T18:52:42","guid":{"rendered":"https:\/\/blogs.correiobraziliense.com.br\/capital-sa\/?p=3167"},"modified":"2021-04-30T15:56:46","modified_gmt":"2021-04-30T18:56:46","slug":"simbeleza-contra-projeto-que-obriga-presenca-de-tecnico-em-biomedicina","status":"publish","type":"post","link":"https:\/\/blogs.correiobraziliense.com.br\/capital-sa\/2021\/04\/30\/simbeleza-contra-projeto-que-obriga-presenca-de-tecnico-em-biomedicina\/","title":{"rendered":"Simbeleza contra projeto que obriga presen\u00e7a de t\u00e9cnico em Biomedicina"},"content":{"rendered":"<p>Projeto de lei do deputado distrital Reginaldo Sardinha (Avante) causou pol\u00eamica na Fecom\u00e9rcio-DF, mais especificamente com o Simbeleza (Sindicato dos Sal\u00f5es de Beleza, Barbearias e Profissionais Aut\u00f4nomos do Setor). Ele exige um respons\u00e1vel t\u00e9cnico filiado ao Conselho de Farm\u00e1cia ou ao Conselho de Biomedicina para que assine como representante do estabelecimento ou do servi\u00e7o prestado. Existem cerca de 6 mil empresas de est\u00e9tica no DF.<\/p>\n<blockquote><p>\u201cEsse projeto inviabiliza mais de 80% das empresas de est\u00e9tica no DF. Ele exige um respons\u00e1vel t\u00e9cnico, cujo sal\u00e1rio \u00e9, muitas vezes, maior do que a receita de pequenos estabelecimentos\u201d, argumenta o presidente do Simbeleza, C\u00e9lio Ferreira de Paiva.<\/p><\/blockquote>\n<p><strong>Retirado de pauta<\/strong><\/p>\n<p>Ele aponta que j\u00e1 existe lei federal que regulamenta a profiss\u00e3o de est\u00e9tica de n\u00edvel superior e de n\u00edvel t\u00e9cnico. \u201cEnt\u00e3o esse projeto de lei distrital n\u00e3o tem sentido. A Fecom\u00e9rcio entrou em entendimento com o distrital para retirar o projeto de pauta a fim de que antes seja realizada uma audi\u00eancia p\u00fablica.<\/p>\n<p>&nbsp;<\/p>\n","protected":false},"excerpt":{"rendered":"<p>Projeto de lei do deputado distrital Reginaldo Sardinha (Avante) causou pol\u00eamica na Fecom\u00e9rcio-DF, mais especificamente com o Simbeleza (Sindicato dos Sal\u00f5es de Beleza, Barbearias e Profissionais Aut\u00f4nomos do Setor). Ele exige um respons\u00e1vel t\u00e9cnico filiado ao Conselho de Farm\u00e1cia ou ao Conselho de Biomedicina para que assine como representante do estabelecimento ou do servi\u00e7o prestado. Existem cerca de 6 mil [&hellip;]<\/p>\n","protected":false},"author":125,"featured_media":3171,"comment_status":"open","ping_status":"open","sticky":false,"template":"","format":"standard","meta":{"footnotes":""},"categories":[6],"tags":[],"class_list":["post-3167","post","type-post","status-publish","format-standard","has-post-thumbnail","hentry","category-coluna-capital-s-a"],"_links":{"self":[{"href":"https:\/\/blogs.correiobraziliense.com.br\/capital-sa\/wp-json\/wp\/v2\/posts\/3167","targetHints":{"allow":["GET"]}}],"collection":[{"href":"https:\/\/blogs.correiobraziliense.com.br\/capital-sa\/wp-json\/wp\/v2\/posts"}],"about":[{"href":"https:\/\/blogs.correiobraziliense.com.br\/capital-sa\/wp-json\/wp\/v2\/types\/post"}],"author":[{"embeddable":true,"href":"https:\/\/blogs.correiobraziliense.com.br\/capital-sa\/wp-json\/wp\/v2\/users\/125"}],"replies":[{"embeddable":true,"href":"https:\/\/blogs.correiobraziliense.com.br\/capital-sa\/wp-json\/wp\/v2\/comments?post=3167"}],"version-history":[{"count":6,"href":"https:\/\/blogs.correiobraziliense.com.br\/capital-sa\/wp-json\/wp\/v2\/posts\/3167\/revisions"}],"predecessor-version":[{"id":3174,"href":"https:\/\/blogs.correiobraziliense.com.br\/capital-sa\/wp-json\/wp\/v2\/posts\/3167\/revisions\/3174"}],"wp:featuredmedia":[{"embeddable":true,"href":"https:\/\/blogs.correiobraziliense.com.br\/capital-sa\/wp-json\/wp\/v2\/media\/3171"}],"wp:attachment":[{"href":"https:\/\/blogs.correiobraziliense.com.br\/capital-sa\/wp-json\/wp\/v2\/media?parent=3167"}],"wp:term":[{"taxonomy":"category","embeddable":true,"href":"https:\/\/blogs.correiobraziliense.com.br\/capital-sa\/wp-json\/wp\/v2\/categories?post=3167"},{"taxonomy":"post_tag","embeddable":true,"href":"https:\/\/blogs.correiobraziliense.com.br\/capital-sa\/wp-json\/wp\/v2\/tags?post=3167"}],"curies":[{"name":"wp","href":"https:\/\/api.w.org\/{rel}","templated":true}]}}