{"id":2986,"date":"2021-04-16T14:50:38","date_gmt":"2021-04-16T17:50:38","guid":{"rendered":"https:\/\/blogs.correiobraziliense.com.br\/capital-sa\/?p=2986"},"modified":"2021-04-16T14:50:38","modified_gmt":"2021-04-16T17:50:38","slug":"beirute-lanca-kit-promocional-pelos-55-anos","status":"publish","type":"post","link":"https:\/\/blogs.correiobraziliense.com.br\/capital-sa\/2021\/04\/16\/beirute-lanca-kit-promocional-pelos-55-anos\/","title":{"rendered":"Beirute lan\u00e7a kit promocional pelos 55 anos"},"content":{"rendered":"<p>O restaurante\/bar Beirute est\u00e1 comemorando 55 anos. Um dos pontos de encontro mais tradicionais de Bras\u00edlia, o Beira foi cen\u00e1rio de epis\u00f3dios alegres de muitos brasilienses. \u201cPara celebrar este momento \u00fanico, convidamos nossos clientes a compartilhar essas lembran\u00e7as nas redes, usando as hashtags #Beira55anos e #EuAmoBeirutear. E tamb\u00e9m a experimentar o kit Beira 55\u201d, diz Francisco Em\u00edlio Marinho (foto), um dos s\u00f3cios.<\/p>\n<p><img loading=\"lazy\" decoding=\"async\" class=\"aligncenter size-medium wp-image-2989\" src=\"https:\/\/blogs.correiobraziliense.com.br\/capital-sa\/wp-content\/uploads\/sites\/59\/2021\/04\/D8092F08-BA3A-46BC-BB2F-C74B0D2B56ED-300x225.jpeg\" alt=\"\" width=\"300\" height=\"225\" srcset=\"https:\/\/blogs.correiobraziliense.com.br\/capital-sa\/wp-content\/uploads\/sites\/59\/2021\/04\/D8092F08-BA3A-46BC-BB2F-C74B0D2B56ED-300x225.jpeg 300w, https:\/\/blogs.correiobraziliense.com.br\/capital-sa\/wp-content\/uploads\/sites\/59\/2021\/04\/D8092F08-BA3A-46BC-BB2F-C74B0D2B56ED-230x173.jpeg 230w, https:\/\/blogs.correiobraziliense.com.br\/capital-sa\/wp-content\/uploads\/sites\/59\/2021\/04\/D8092F08-BA3A-46BC-BB2F-C74B0D2B56ED.jpeg 500w\" sizes=\"auto, (max-width: 300px) 100vw, 300px\" \/><\/p>\n<p>O kit come\u00e7a a ser vendido hoje, a R$ 55. Fazem parte um growler de 1 litro do Chopp Beira Premium, um Kibeirute e um XParm\u00ea (p\u00e3o ciabatta artesanal, tradicional fil\u00e9 \u00e0 milanesa do Beira com molho de tomate e queijo prato). Acompanha batata frita com p\u00e1prica. Promo\u00e7\u00e3o dispon\u00edvel at\u00e9 quarta-feira ou enquanto durar o estoque.<\/p>\n","protected":false},"excerpt":{"rendered":"<p>O restaurante\/bar Beirute est\u00e1 comemorando 55 anos. Um dos pontos de encontro mais tradicionais de Bras\u00edlia, o Beira foi cen\u00e1rio de epis\u00f3dios alegres de muitos brasilienses. \u201cPara celebrar este momento \u00fanico, convidamos nossos clientes a compartilhar essas lembran\u00e7as nas redes, usando as hashtags #Beira55anos e #EuAmoBeirutear. E tamb\u00e9m a experimentar o kit Beira 55\u201d, diz Francisco Em\u00edlio Marinho (foto), um [&hellip;]<\/p>\n","protected":false},"author":125,"featured_media":2988,"comment_status":"open","ping_status":"open","sticky":false,"template":"","format":"standard","meta":{"footnotes":""},"categories":[6],"tags":[],"class_list":["post-2986","post","type-post","status-publish","format-standard","has-post-thumbnail","hentry","category-coluna-capital-s-a"],"_links":{"self":[{"href":"https:\/\/blogs.correiobraziliense.com.br\/capital-sa\/wp-json\/wp\/v2\/posts\/2986","targetHints":{"allow":["GET"]}}],"collection":[{"href":"https:\/\/blogs.correiobraziliense.com.br\/capital-sa\/wp-json\/wp\/v2\/posts"}],"about":[{"href":"https:\/\/blogs.correiobraziliense.com.br\/capital-sa\/wp-json\/wp\/v2\/types\/post"}],"author":[{"embeddable":true,"href":"https:\/\/blogs.correiobraziliense.com.br\/capital-sa\/wp-json\/wp\/v2\/users\/125"}],"replies":[{"embeddable":true,"href":"https:\/\/blogs.correiobraziliense.com.br\/capital-sa\/wp-json\/wp\/v2\/comments?post=2986"}],"version-history":[{"count":2,"href":"https:\/\/blogs.correiobraziliense.com.br\/capital-sa\/wp-json\/wp\/v2\/posts\/2986\/revisions"}],"predecessor-version":[{"id":2990,"href":"https:\/\/blogs.correiobraziliense.com.br\/capital-sa\/wp-json\/wp\/v2\/posts\/2986\/revisions\/2990"}],"wp:featuredmedia":[{"embeddable":true,"href":"https:\/\/blogs.correiobraziliense.com.br\/capital-sa\/wp-json\/wp\/v2\/media\/2988"}],"wp:attachment":[{"href":"https:\/\/blogs.correiobraziliense.com.br\/capital-sa\/wp-json\/wp\/v2\/media?parent=2986"}],"wp:term":[{"taxonomy":"category","embeddable":true,"href":"https:\/\/blogs.correiobraziliense.com.br\/capital-sa\/wp-json\/wp\/v2\/categories?post=2986"},{"taxonomy":"post_tag","embeddable":true,"href":"https:\/\/blogs.correiobraziliense.com.br\/capital-sa\/wp-json\/wp\/v2\/tags?post=2986"}],"curies":[{"name":"wp","href":"https:\/\/api.w.org\/{rel}","templated":true}]}}