{"id":293,"date":"2020-10-23T09:00:11","date_gmt":"2020-10-23T12:00:11","guid":{"rendered":"https:\/\/blogs.correiobraziliense.com.br\/capital-sa\/?p=293"},"modified":"2020-10-23T11:24:28","modified_gmt":"2020-10-23T14:24:28","slug":"restaurantes-e-cinemas-na-torre-digital","status":"publish","type":"post","link":"https:\/\/blogs.correiobraziliense.com.br\/capital-sa\/2020\/10\/23\/restaurantes-e-cinemas-na-torre-digital\/","title":{"rendered":"Restaurantes e cinemas na Torre Digital\u00a0"},"content":{"rendered":"<p>&nbsp;<\/p>\n<figure id=\"attachment_294\" aria-describedby=\"caption-attachment-294\" style=\"width: 224px\" class=\"wp-caption aligncenter\"><img loading=\"lazy\" decoding=\"async\" class=\" wp-image-294\" src=\"https:\/\/blogs.correiobraziliense.com.br\/capital-sa\/wp-content\/uploads\/sites\/59\/2020\/10\/2f56baf8-7524-453c-991e-91af2bf8f635-199x300.jpg\" alt=\"\" width=\"224\" height=\"338\" \/><figcaption id=\"caption-attachment-294\" class=\"wp-caption-text\">Cr\u00e9dito: Ag\u00eancia Bras\u00edlia<\/figcaption><\/figure>\n<p>A gest\u00e3o e\u00a0a\u00a0manuten\u00e7\u00e3o do monumento ser\u00e3o repassadas oficialmente na pr\u00f3xima\u00a0semana ao cons\u00f3rcio vencedor de licita\u00e7\u00e3o\u00a0feita pelo GDF. A Torre Digital\u00a0j\u00e1 foi\u00a0o local mais visitado do DF como ponto tur\u00edstico\u00a0pelos brasilienses. No entanto, ficou fechado muito tempo, por problemas de manuten\u00e7\u00e3o. A medida vai render R$ 1,3 milh\u00e3o\u00a0por ano aos cofres p\u00fablicos.\u00a0A \u00e1rea\u00a0engloba lotes vazios em que o cons\u00f3rcio poder\u00e1\u00a0construir\u00a0estabelecimentos comerciais. O local vai abrigar complexo de entretenimento\u00a0com lojas, bares, restaurantes\u00a0e at\u00e9\u00a0cinemas. Tamb\u00e9m ser\u00e1\u00a0palco de shows e eventos culturais. Numa das p\u00e9talas\u00a0da Torre, est\u00e1\u00a0previsto\u00a0um caf\u00e9\u00a0com vista panor\u00e2mica.<\/p>\n<p><strong>Aberto e de gra\u00e7a\u00a0\u00e0 visita p\u00fablica\u00a0<\/strong><\/p>\n<p>Uma das exig\u00eancias\u00a0do contrato \u00e9 que o cons\u00f3rcio vencedor democratize o acesso ao mirante e aumente de 2 para 6 dias da semana a visita\u00e7\u00e3o, refor\u00e7ando o car\u00e1ter\u00a0social e tur\u00edstico do monumento.<\/p>\n<p>&nbsp;<\/p>\n","protected":false},"excerpt":{"rendered":"<p>&nbsp; A gest\u00e3o e\u00a0a\u00a0manuten\u00e7\u00e3o do monumento ser\u00e3o repassadas oficialmente na pr\u00f3xima\u00a0semana ao cons\u00f3rcio vencedor de licita\u00e7\u00e3o\u00a0feita pelo GDF. A Torre Digital\u00a0j\u00e1 foi\u00a0o local mais visitado do DF como ponto tur\u00edstico\u00a0pelos brasilienses. No entanto, ficou fechado muito tempo, por problemas de manuten\u00e7\u00e3o. A medida vai render R$ 1,3 milh\u00e3o\u00a0por ano aos cofres p\u00fablicos.\u00a0A \u00e1rea\u00a0engloba lotes vazios em que o cons\u00f3rcio poder\u00e1\u00a0construir\u00a0estabelecimentos [&hellip;]<\/p>\n","protected":false},"author":125,"featured_media":0,"comment_status":"open","ping_status":"open","sticky":false,"template":"","format":"standard","meta":{"footnotes":""},"categories":[6],"tags":[],"class_list":["post-293","post","type-post","status-publish","format-standard","hentry","category-coluna-capital-s-a"],"_links":{"self":[{"href":"https:\/\/blogs.correiobraziliense.com.br\/capital-sa\/wp-json\/wp\/v2\/posts\/293","targetHints":{"allow":["GET"]}}],"collection":[{"href":"https:\/\/blogs.correiobraziliense.com.br\/capital-sa\/wp-json\/wp\/v2\/posts"}],"about":[{"href":"https:\/\/blogs.correiobraziliense.com.br\/capital-sa\/wp-json\/wp\/v2\/types\/post"}],"author":[{"embeddable":true,"href":"https:\/\/blogs.correiobraziliense.com.br\/capital-sa\/wp-json\/wp\/v2\/users\/125"}],"replies":[{"embeddable":true,"href":"https:\/\/blogs.correiobraziliense.com.br\/capital-sa\/wp-json\/wp\/v2\/comments?post=293"}],"version-history":[{"count":6,"href":"https:\/\/blogs.correiobraziliense.com.br\/capital-sa\/wp-json\/wp\/v2\/posts\/293\/revisions"}],"predecessor-version":[{"id":304,"href":"https:\/\/blogs.correiobraziliense.com.br\/capital-sa\/wp-json\/wp\/v2\/posts\/293\/revisions\/304"}],"wp:attachment":[{"href":"https:\/\/blogs.correiobraziliense.com.br\/capital-sa\/wp-json\/wp\/v2\/media?parent=293"}],"wp:term":[{"taxonomy":"category","embeddable":true,"href":"https:\/\/blogs.correiobraziliense.com.br\/capital-sa\/wp-json\/wp\/v2\/categories?post=293"},{"taxonomy":"post_tag","embeddable":true,"href":"https:\/\/blogs.correiobraziliense.com.br\/capital-sa\/wp-json\/wp\/v2\/tags?post=293"}],"curies":[{"name":"wp","href":"https:\/\/api.w.org\/{rel}","templated":true}]}}