{"id":2928,"date":"2021-04-12T03:46:18","date_gmt":"2021-04-12T06:46:18","guid":{"rendered":"https:\/\/blogs.correiobraziliense.com.br\/capital-sa\/?p=2928"},"modified":"2021-04-12T13:48:54","modified_gmt":"2021-04-12T16:48:54","slug":"fibra-impulsiona-exportacao-de-produtos-do-df-para-o-mundo","status":"publish","type":"post","link":"https:\/\/blogs.correiobraziliense.com.br\/capital-sa\/2021\/04\/12\/fibra-impulsiona-exportacao-de-produtos-do-df-para-o-mundo\/","title":{"rendered":"Fibra impulsiona exporta\u00e7\u00e3o de produtos do DF para o mundo"},"content":{"rendered":"<p class=\"p1\">A desvaloriza\u00e7\u00e3o do real diante do d\u00f3lar \u00e9 um grande incentivo para a busca por mercados fora do Brasil. Mas exportar \u00e9 uma estrat\u00e9gia que deve ser muito bem planejada, aponta a Federa\u00e7\u00e3o das Ind\u00fastrias do DF (Fibra). Para impulsionar os produtos locais no mercado internacional, ser\u00e1 realizada, entre hoje (12) e sexta-feira (16), a Semana da Empresa Exportadora.<\/p>\n<p class=\"p1\"><span class=\"s1\">Empres\u00e1rios interessados em buscar novos neg\u00f3cios fora do Brasil poder\u00e3o participar gratuitamente do evento on-line promovido pela Fibra por meio do Centro Internacional de Neg\u00f3cios do DF (CIN-DF).<\/span><\/p>\n<p class=\"p1\"><span class=\"s1\">Em uma s\u00e9rie de palestras, os participantes v\u00e3o conhecer mais sobre o trabalho de institui\u00e7\u00f5es que podem ajudar as empresas.<\/span><\/p>\n<blockquote>\n<p class=\"p1\"><span class=\"s1\">\u201cPer\u00edodos de crise demandam que empresas se reestruturem, inovem. Com a Semana da Empresa Exportadora, a Fibra quer levar informa\u00e7\u00e3o para que empres\u00e1rios possam se planejar e exportar de forma eficiente e rent\u00e1vel\u201d, ressalta o presidente da Fibra DF, Jamal Bittar.<\/span><\/p>\n<\/blockquote>\n<p class=\"p1\"><span class=\"s1\"><b>Gest\u00e3o de neg\u00f3cios <\/b><\/span><\/p>\n<p class=\"p1\"><span class=\"s1\">Os encontros virtuais ser\u00e3o sempre das 17h \u00e0s 18h. Ser\u00e3o abordados temas como gest\u00e3o de neg\u00f3cios internacionais, linhas de financiamento e defini\u00e7\u00e3o de estrat\u00e9gias de exporta\u00e7\u00e3o.<\/span><\/p>\n<p class=\"p1\"><span class=\"s1\">&#8220;Para participar, n\u00e3o \u00e9 necess\u00e1rio ter conhecimento sobre o assunto. Oferecemos esta semana como uma oportunidade para a empresa conhecer uma nova forma de atuar, atualizar seu modelo de neg\u00f3cio e ampliar o campo de atua\u00e7\u00e3o&#8221;, explica a gerente do CIN-DF, Viviane Brunelly.<\/span><\/p>\n<p class=\"p1\"><span class=\"s1\">Al\u00e9m da Fibra, participar\u00e3o representantes da Ag\u00eancia Brasileira de Promo\u00e7\u00e3o de Exporta\u00e7\u00f5es e Investimentos (Apex-Brasil), do Banco do Brasil, do Banco de Bras\u00edlia (BRB), dos Correios, da Secretaria de Desenvolvimento Econ\u00f4mico e do Servi\u00e7o Brasileiro de Apoio \u00e0s Micro e Pequenas Empresas (Sebrae) no DF. Todos s\u00e3o apoiadores da iniciativa.<\/span><\/p>\n<p class=\"p1\"><span class=\"s1\">As inscri\u00e7\u00f5es est\u00e3o abertas pelo site <a href=\"https:\/\/forms.office.com\/pages\/responsepage.aspx?id=rVSviJCOVk22E25b-CSra2idEaC-aENBghD7Pjuv2KtUNzgxWFhOQTVZMjRUV1dPWVI2NlVaSlI0WS4u\">bit.ly\/semanadaempresaexportadora<\/a>. Os links das transmiss\u00f5es ao vivo ser\u00e3o enviados para o e-mail cadastrado pelo participante.<\/span><\/p>\n","protected":false},"excerpt":{"rendered":"<p>A desvaloriza\u00e7\u00e3o do real diante do d\u00f3lar \u00e9 um grande incentivo para a busca por mercados fora do Brasil. Mas exportar \u00e9 uma estrat\u00e9gia que deve ser muito bem planejada, aponta a Federa\u00e7\u00e3o das Ind\u00fastrias do DF (Fibra). Para impulsionar os produtos locais no mercado internacional, ser\u00e1 realizada, entre hoje (12) e sexta-feira (16), a Semana da Empresa Exportadora. Empres\u00e1rios [&hellip;]<\/p>\n","protected":false},"author":125,"featured_media":2933,"comment_status":"open","ping_status":"open","sticky":false,"template":"","format":"standard","meta":{"footnotes":""},"categories":[6],"tags":[161,518,517,516,71],"class_list":["post-2928","post","type-post","status-publish","format-standard","has-post-thumbnail","hentry","category-coluna-capital-s-a","tag-empresarios","tag-exportacao","tag-negocios","tag-semanadaempresaexportadora","tag-fibra"],"_links":{"self":[{"href":"https:\/\/blogs.correiobraziliense.com.br\/capital-sa\/wp-json\/wp\/v2\/posts\/2928","targetHints":{"allow":["GET"]}}],"collection":[{"href":"https:\/\/blogs.correiobraziliense.com.br\/capital-sa\/wp-json\/wp\/v2\/posts"}],"about":[{"href":"https:\/\/blogs.correiobraziliense.com.br\/capital-sa\/wp-json\/wp\/v2\/types\/post"}],"author":[{"embeddable":true,"href":"https:\/\/blogs.correiobraziliense.com.br\/capital-sa\/wp-json\/wp\/v2\/users\/125"}],"replies":[{"embeddable":true,"href":"https:\/\/blogs.correiobraziliense.com.br\/capital-sa\/wp-json\/wp\/v2\/comments?post=2928"}],"version-history":[{"count":6,"href":"https:\/\/blogs.correiobraziliense.com.br\/capital-sa\/wp-json\/wp\/v2\/posts\/2928\/revisions"}],"predecessor-version":[{"id":2935,"href":"https:\/\/blogs.correiobraziliense.com.br\/capital-sa\/wp-json\/wp\/v2\/posts\/2928\/revisions\/2935"}],"wp:featuredmedia":[{"embeddable":true,"href":"https:\/\/blogs.correiobraziliense.com.br\/capital-sa\/wp-json\/wp\/v2\/media\/2933"}],"wp:attachment":[{"href":"https:\/\/blogs.correiobraziliense.com.br\/capital-sa\/wp-json\/wp\/v2\/media?parent=2928"}],"wp:term":[{"taxonomy":"category","embeddable":true,"href":"https:\/\/blogs.correiobraziliense.com.br\/capital-sa\/wp-json\/wp\/v2\/categories?post=2928"},{"taxonomy":"post_tag","embeddable":true,"href":"https:\/\/blogs.correiobraziliense.com.br\/capital-sa\/wp-json\/wp\/v2\/tags?post=2928"}],"curies":[{"name":"wp","href":"https:\/\/api.w.org\/{rel}","templated":true}]}}