{"id":2830,"date":"2021-04-05T17:31:25","date_gmt":"2021-04-05T20:31:25","guid":{"rendered":"https:\/\/blogs.correiobraziliense.com.br\/capital-sa\/?p=2830"},"modified":"2021-04-06T10:05:48","modified_gmt":"2021-04-06T13:05:48","slug":"postos-de-vacinacao-comecam-a-arrecadar-alimentos","status":"publish","type":"post","link":"https:\/\/blogs.correiobraziliense.com.br\/capital-sa\/2021\/04\/05\/postos-de-vacinacao-comecam-a-arrecadar-alimentos\/","title":{"rendered":"Postos de vacina\u00e7\u00e3o come\u00e7am a arrecadar alimentos"},"content":{"rendered":"<p>Por Samanta Sallum<\/p>\n<p>Com apoio da Associa\u00e7\u00e3o dos Supermercados de Bras\u00edlia (Asbra), o GDF, a partir de hoje, inicia oficialmente em todos os pontos de vacina\u00e7\u00e3o contra a Covid-19 uma campanha para arrecadar alimentos n\u00e3o perec\u00edveis.<\/p>\n<p>A doa\u00e7\u00e3o n\u00e3o \u00e9 obrigat\u00f3ria. Contribui quem puder. O que for arrecadado nos 42 postos, incluindo os sete drive-thru, ser\u00e1 destinado a fam\u00edlias carentes. A iniciativa j\u00e1 est\u00e1 ocorrendo em outras capitais. O GDF aderiu ao movimento da sociedade civil e do setor empresarial, que est\u00e1 mobilizando as pessoas a colaborarem.<\/p>\n<p>Todo donativo ser\u00e1 imediatamente entregue \u00e0s fam\u00edlias em situa\u00e7\u00e3o de vulnerabilidade pela Defesa Civil e pelo Corpo de Bombeiros Militar do Distrito Federal. Para n\u00e3o sobrecarregar os profissionais da Sa\u00fade, equipes das administra\u00e7\u00f5es regionais ser\u00e3o respons\u00e1veis por receber as doa\u00e7\u00f5es nos postos de vacina\u00e7\u00e3o.<\/p>\n<p><b>Cestas b\u00e1sicas\u00a0<\/b><\/p>\n<p>A Associa\u00e7\u00e3o dos Supermercados de Bras\u00edlia (Asbra) j\u00e1 doou 2 mil cestas b\u00e1sicas. E 50 lojas aderiram \u00e0 campanha \u201cA sua ajuda salva\u201d oferecendo pontos de coleta de donativos. \u201c\u00c9 preciso criar oportunidades para quem quer e puder doar. Importante que os postos de vacina\u00e7\u00e3o sejam mais uma op\u00e7\u00e3o\u201d, diz o presidente do Sindicato dos Supermercados do DF (Sindsuper), Gilmar Pereira. A entidade tamb\u00e9m est\u00e1 colaborando produzindo todo o material de divulga\u00e7\u00e3o da campanha, como cartazes e banners.<\/p>\n<p>A a\u00e7\u00e3o, pelo GDF, ser\u00e1 coordenada pela\u00a0<span class=\"s1\">Secretaria de Sa\u00fade, Secretaria de Governo e Vice-Governadoria junto da<\/span>\u00a0secret\u00e1ria de Desenvolvimento Social (Sedes).<\/p>\n<p><b>Solidariedade dos brasilienses\u00a0<\/b><\/p>\n<p>\u201cEste \u00e9 o momento em que devemos olhar para o pr\u00f3ximo e levarmos esperan\u00e7a em forma de alimento para aqueles que mais precisam. Pensar no coletivo. Somente dessa maneira \u00e9 poss\u00edvel atenuarmos o sofrimento de v\u00e1rias pessoas. A popula\u00e7\u00e3o e o segmento empresarial no DF s\u00e3o muito solid\u00e1rios&#8221;, destaca a primeira dama do DF e secret\u00e1ria de Desenvolvimento Social, Mayara Noronha Rocha.<\/p>\n<p><img loading=\"lazy\" decoding=\"async\" class=\"aligncenter size-medium wp-image-2845\" src=\"https:\/\/blogs.correiobraziliense.com.br\/capital-sa\/wp-content\/uploads\/sites\/59\/2021\/04\/5F74961E-3EFA-498D-B801-DB844EF16261-300x244.jpeg\" alt=\"\" width=\"300\" height=\"244\" srcset=\"https:\/\/blogs.correiobraziliense.com.br\/capital-sa\/wp-content\/uploads\/sites\/59\/2021\/04\/5F74961E-3EFA-498D-B801-DB844EF16261-300x244.jpeg 300w, https:\/\/blogs.correiobraziliense.com.br\/capital-sa\/wp-content\/uploads\/sites\/59\/2021\/04\/5F74961E-3EFA-498D-B801-DB844EF16261-550x448.jpeg 550w, https:\/\/blogs.correiobraziliense.com.br\/capital-sa\/wp-content\/uploads\/sites\/59\/2021\/04\/5F74961E-3EFA-498D-B801-DB844EF16261-230x187.jpeg 230w, https:\/\/blogs.correiobraziliense.com.br\/capital-sa\/wp-content\/uploads\/sites\/59\/2021\/04\/5F74961E-3EFA-498D-B801-DB844EF16261.jpeg 582w\" sizes=\"auto, (max-width: 300px) 100vw, 300px\" \/><\/p>\n<p>&nbsp;<\/p>\n<p><img loading=\"lazy\" decoding=\"async\" class=\"aligncenter size-medium wp-image-2836\" src=\"https:\/\/blogs.correiobraziliense.com.br\/capital-sa\/wp-content\/uploads\/sites\/59\/2021\/04\/46EC286A-7986-42A3-B941-E31A6D09D33C-235x300.jpeg\" alt=\"\" width=\"235\" height=\"300\" srcset=\"https:\/\/blogs.correiobraziliense.com.br\/capital-sa\/wp-content\/uploads\/sites\/59\/2021\/04\/46EC286A-7986-42A3-B941-E31A6D09D33C-235x300.jpeg 235w, https:\/\/blogs.correiobraziliense.com.br\/capital-sa\/wp-content\/uploads\/sites\/59\/2021\/04\/46EC286A-7986-42A3-B941-E31A6D09D33C-230x294.jpeg 230w, https:\/\/blogs.correiobraziliense.com.br\/capital-sa\/wp-content\/uploads\/sites\/59\/2021\/04\/46EC286A-7986-42A3-B941-E31A6D09D33C.jpeg 340w\" sizes=\"auto, (max-width: 235px) 100vw, 235px\" \/><\/p>\n","protected":false},"excerpt":{"rendered":"<p>Por Samanta Sallum Com apoio da Associa\u00e7\u00e3o dos Supermercados de Bras\u00edlia (Asbra), o GDF, a partir de hoje, inicia oficialmente em todos os pontos de vacina\u00e7\u00e3o contra a Covid-19 uma campanha para arrecadar alimentos n\u00e3o perec\u00edveis. A doa\u00e7\u00e3o n\u00e3o \u00e9 obrigat\u00f3ria. Contribui quem puder. O que for arrecadado nos 42 postos, incluindo os sete drive-thru, ser\u00e1 destinado a fam\u00edlias carentes. [&hellip;]<\/p>\n","protected":false},"author":125,"featured_media":2835,"comment_status":"open","ping_status":"open","sticky":false,"template":"","format":"standard","meta":{"footnotes":""},"categories":[6],"tags":[239,510,509,238,203],"class_list":["post-2830","post","type-post","status-publish","format-standard","has-post-thumbnail","hentry","category-coluna-capital-s-a","tag-alimentos","tag-campanha","tag-cestasbasicas","tag-doacao","tag-gdf"],"_links":{"self":[{"href":"https:\/\/blogs.correiobraziliense.com.br\/capital-sa\/wp-json\/wp\/v2\/posts\/2830","targetHints":{"allow":["GET"]}}],"collection":[{"href":"https:\/\/blogs.correiobraziliense.com.br\/capital-sa\/wp-json\/wp\/v2\/posts"}],"about":[{"href":"https:\/\/blogs.correiobraziliense.com.br\/capital-sa\/wp-json\/wp\/v2\/types\/post"}],"author":[{"embeddable":true,"href":"https:\/\/blogs.correiobraziliense.com.br\/capital-sa\/wp-json\/wp\/v2\/users\/125"}],"replies":[{"embeddable":true,"href":"https:\/\/blogs.correiobraziliense.com.br\/capital-sa\/wp-json\/wp\/v2\/comments?post=2830"}],"version-history":[{"count":23,"href":"https:\/\/blogs.correiobraziliense.com.br\/capital-sa\/wp-json\/wp\/v2\/posts\/2830\/revisions"}],"predecessor-version":[{"id":2856,"href":"https:\/\/blogs.correiobraziliense.com.br\/capital-sa\/wp-json\/wp\/v2\/posts\/2830\/revisions\/2856"}],"wp:featuredmedia":[{"embeddable":true,"href":"https:\/\/blogs.correiobraziliense.com.br\/capital-sa\/wp-json\/wp\/v2\/media\/2835"}],"wp:attachment":[{"href":"https:\/\/blogs.correiobraziliense.com.br\/capital-sa\/wp-json\/wp\/v2\/media?parent=2830"}],"wp:term":[{"taxonomy":"category","embeddable":true,"href":"https:\/\/blogs.correiobraziliense.com.br\/capital-sa\/wp-json\/wp\/v2\/categories?post=2830"},{"taxonomy":"post_tag","embeddable":true,"href":"https:\/\/blogs.correiobraziliense.com.br\/capital-sa\/wp-json\/wp\/v2\/tags?post=2830"}],"curies":[{"name":"wp","href":"https:\/\/api.w.org\/{rel}","templated":true}]}}